{"id":12952,"date":"2021-04-14T12:27:54","date_gmt":"2021-04-14T17:27:54","guid":{"rendered":"https:\/\/encuentroinformativo.com.mx\/?p=12952"},"modified":"2021-04-14T12:27:59","modified_gmt":"2021-04-14T17:27:59","slug":"el-estado-es-todo-mio","status":"publish","type":"post","link":"https:\/\/encuentroinformativo.com.mx\/?p=12952","title":{"rendered":"&#8220;EL ESTADO ES TODO M\u00cdO&#8221;"},"content":{"rendered":"\n<p><strong>@pablojair<\/strong><\/p>\n\n\n\n<ul class=\"wp-block-list\"><li>Veracruz, entre los primeros estados que aplicar\u00e1n vacunas a maestros.<\/li><li>Paquita y la de Tamiahua, bien gastalonas en campa\u00f1as, dicen.<\/li><li>\u00bfQui\u00e9n invent\u00f3 lo de la marcha feminista en Xalapa?<\/li><\/ul>\n\n\n\n<p>Pos deshuevaron al &#8220;toro&#8221; y se est\u00e1n comiendo las criadillas.<br>&#8211;Chopenjawer<\/p>\n\n\n\n<p>Patricio Chirinos Calero era un hombre muy cercano al presidente Carlos Salinas de Gortari. Tal vez lo siga siendo, porque todav\u00eda vive (est\u00e1 cerca de los 84 a\u00f1os de edad), aunque se mantiene lejos de los reflectores pol\u00edticos.<\/p>\n\n\n\n<p>Se cuenta en la historia no oficial de la pol\u00edtica en Veracruz, que Don Patricio en realidad no estaba contemplado por los grupos pol\u00edticos locales para ser el candidato del PRI a la gubernatura (eran los tiempos del priato absoluto), pero al final la c\u00fapula del poder decidi\u00f3 por quien finalmente fue gobernador, dada su cercan\u00eda con el Salinato.<\/p>\n\n\n\n<p>Hay muchas historias alrededor de Chirinos Calero, y quiz\u00e1s la principal es que no deb\u00eda ser gobernador, ya que ni siquiera era originario del estado: hab\u00eda nacido en Tamu\u00edn, San Luis Potos\u00ed, como lo demostrar\u00eda un reportaje del peri\u00f3dico &#8220;Sur&#8221;, hoy &#8220;Imagen de Veracruz&#8221;, presentando el acta original que lograron traer desde ese estado.<\/p>\n\n\n\n<p>La mentira oficial para cubrir lo anterior, fue decir que Chirinos Calero hab\u00eda nacido en P\u00e1nuco.<\/p>\n\n\n\n<p>Un personaje que constantemente ven\u00eda a Veracruz de visita era Joseph Marie C\u00f3rdoba Montoya, el muy poderoso y cercano asesor del presidente Carlos Salinas de Gortari, con quien ten\u00eda una amistad muy afectiva el mandatario estatal.<\/p>\n\n\n\n<p>Actualmente, el franc\u00e9s naturalizado mexicano debe rondar por los 70 a\u00f1os y aunque no volvi\u00f3 a figurar p\u00fablicamente, en algunos c\u00edrculos se le sigue considerando como un personaje influyente de la pol\u00edtica mexicana.<\/p>\n\n\n\n<p>Chaparrito, pero rodeado de matones, as\u00ed lo recuerdan quienes lo conocieron. Se dice que tambi\u00e9n fue uno de los que movi\u00f3 los hilos e hizo intrigas para que saliera del gabinete el secretario de Gobernaci\u00f3n, Fernando Guti\u00e9rrez Barrios, gobernador de Veracruz con licencia, quien no era del grupo cercano a Salinas, los famosos &#8220;tecn\u00f3cratas&#8221;.<\/p>\n\n\n\n<p>Otras historias alrededor de Don Patricio es que era bueno para eso de empinar el codo, y debido a eso ten\u00eda ausencias constantes en el estado: se dice que de lunes a jueves.<\/p>\n\n\n\n<p>Se cuenta que en el segundo a\u00f1o de Patricio Chirinos Calero, Don Patricio fue invitado a Huatusco para inaugurar una destiler\u00eda de vinos r\u00fasticos; que le dieron una muestra de morita y eso fue suficiente para detonarle la peligrosa sed del dips\u00f3mano.<\/p>\n\n\n\n<p>Cuando se dieron cuenta que el gobernador ya comenzaba a ponerse indispuesto, de inmediato comenzaron con el operativo discreto de retirada\u2026 (tome en cuenta que apenas empezaban a existir los tel\u00e9fonos celulares y satelitales)<\/p>\n\n\n\n<p>&#8211;\u00a1Se\u00f1or, hablaron de Presidencia, que le van a hablar al tel\u00e9fono rojo de Palacio de Gobierno! \u00a1Es imperativo que regrese a Xalapa!<\/p>\n\n\n\n<p>La Ayudant\u00eda lo acerca al helic\u00f3ptero &#8211;la primera fase&#8211; a donde tambi\u00e9n le acompa\u00f1aron con una garrafa de 20 litros.<\/p>\n\n\n\n<p>Y sali\u00f3 el &#8220;mosquito&#8221; para Xalapa.<\/p>\n\n\n\n<p>Cerca de las 15 horas con 20 minutos, la aeronave descendi\u00f3 en la capital veracruzana.<\/p>\n\n\n\n<p>La orden a los escoltas &#8211;con comentario inoportuno&#8211; del secretario de Gobierno, Miguel \u00c1ngel Yunes Linares, fue: &#8220;D\u00e9jenlo en Casa Veracruz; ahora s\u00ed: el estado es todo m\u00edo&#8221;.<\/p>\n\n\n\n<p>Dadas las ausencias y constantes borracheras del gobernador, lo anterior era com\u00fan; no obstante, Yunes Linares era (o es) de todas las confianzas del Salinato.<\/p>\n\n\n\n<p>Por cierto, dicen que la bebida favorita de Chirinos era el Buchanan&#8217;s, que mezclaba con botellitas de ag\u00fcita Risco.<\/p>\n\n\n\n<p><strong>NOTA PARA PEGAR EN EL REFRI:<\/strong> Hugo L\u00f3pez-Gatell, subsecretario de Salud, inform\u00f3 en la conferencia ma\u00f1anera de este martes que a partir de la tercera semana de abril se inmunizar\u00e1 a maestros y trabajadores de la educaci\u00f3n en estados donde el Sem\u00e1foro Epidemiol\u00f3gico se encuentre en color Verde durante tres semanas consecutivas, esto con el fin de reiniciar las clases presenciales. Se trata de Tamaulipas (con 92 mil 403 docentes), Veracruz (con 197 mil 430, el de mayor n\u00famero), Coahuila (con 82 mil cuatro), Nayarit (35 mil 316) y Chiapas (122 mil 836).<\/p>\n\n\n\n<p><strong>OTRA NOTA:<\/strong> Que en los corrillos pol\u00edticos electorales se preguntan si la candidata de Movimiento Ciudadano, la se\u00f1ora Francisca Viveros (conocida como Paquita la del Barrio) no habr\u00e1 rebasado los topes de campa\u00f1a con eso de que se la pasa cantando en cada pueblo que visita, pues cobra por cada presentaci\u00f3n alrededor de 650 mil pesos. Dicen que m\u00e1s o menos por esa misma raz\u00f3n bajaron a Citlali Medell\u00edn Careaga de la diputaci\u00f3n por Tuxpan, porque si no la bajaban de la candidatura por violencia pol\u00edtica, no tardaba en caerle la acusaci\u00f3n de que tra\u00eda una campa\u00f1a nivel &#8220;voy por la gubernatura&#8221;, tirando mucha lana a discreci\u00f3n.<\/p>\n\n\n\n<p><strong>LA \u00daLTIMA PORQUE CHICAGO PD: <\/strong>\u00bfY como para qu\u00e9 inventaron una marcha feminista este lunes en Xalapa? O sea, \u00bfqu\u00e9 trataban de demostrar o hacer creer? De entrada anduvieron divulgando un falso documento oficial donde ven\u00edan las fichas de supuestas lideresas feministas que organizan las protestas en Xalapa. Dicho documento de &#8220;inteligencia&#8221; fue difundido ampliamente entre periodistas, especialmente de la nota policiaca. El m\u00e1s teatrero con la marcha que nunca existi\u00f3 fue el secre de Seguridad P\u00fablica, &#8220;Licha Villareal&#8221;, quien al ritmo de &#8220;Y te aprovechas&#8221; mand\u00f3 a poner vallas de metal en los alrededores de la torre de Seguridad P\u00fablica. O sea, el que se supone que debe estar enterado de todo y tiene un ej\u00e9rcito de informantes y recursos vastos, de plano le fall\u00f3 la \u201cinteligencia\u201d\u2026 o as\u00ed quiso aparentar en medio de todo el show.<\/p>\n","protected":false},"excerpt":{"rendered":"<p>@pablojair Veracruz, entre los primeros estados que aplicar\u00e1n vacunas a maestros. Paquita y la de Tamiahua, bien gastalonas en campa\u00f1as, dicen. \u00bfQui\u00e9n invent\u00f3 lo de la marcha feminista en Xalapa? Pos deshuevaron al &#8220;toro&#8221; y se est\u00e1n comiendo las criadillas.&#8211;Chopenjawer Patricio Chirinos Calero era un hombre muy cercano al presidente Carlos Salinas de Gortari. Tal [&hellip;]<\/p>\n","protected":false},"author":1,"featured_media":488,"comment_status":"open","ping_status":"open","sticky":false,"template":"","format":"standard","meta":{"_jetpack_memberships_contains_paid_content":false,"footnotes":""},"categories":[11],"tags":[],"class_list":["post-12952","post","type-post","status-publish","format-standard","has-post-thumbnail","hentry","category-opinion"],"jetpack_featured_media_url":"https:\/\/encuentroinformativo.com.mx\/wp-content\/uploads\/2020\/03\/F471F608-BA1A-416B-BA7B-BCFB24F4E6D0.jpeg","jetpack_sharing_enabled":true,"jetpack_likes_enabled":true,"amp_enabled":true,"_links":{"self":[{"href":"https:\/\/encuentroinformativo.com.mx\/index.php?rest_route=\/wp\/v2\/posts\/12952","targetHints":{"allow":["GET"]}}],"collection":[{"href":"https:\/\/encuentroinformativo.com.mx\/index.php?rest_route=\/wp\/v2\/posts"}],"about":[{"href":"https:\/\/encuentroinformativo.com.mx\/index.php?rest_route=\/wp\/v2\/types\/post"}],"author":[{"embeddable":true,"href":"https:\/\/encuentroinformativo.com.mx\/index.php?rest_route=\/wp\/v2\/users\/1"}],"replies":[{"embeddable":true,"href":"https:\/\/encuentroinformativo.com.mx\/index.php?rest_route=%2Fwp%2Fv2%2Fcomments&post=12952"}],"version-history":[{"count":1,"href":"https:\/\/encuentroinformativo.com.mx\/index.php?rest_route=\/wp\/v2\/posts\/12952\/revisions"}],"predecessor-version":[{"id":12953,"href":"https:\/\/encuentroinformativo.com.mx\/index.php?rest_route=\/wp\/v2\/posts\/12952\/revisions\/12953"}],"wp:featuredmedia":[{"embeddable":true,"href":"https:\/\/encuentroinformativo.com.mx\/index.php?rest_route=\/wp\/v2\/media\/488"}],"wp:attachment":[{"href":"https:\/\/encuentroinformativo.com.mx\/index.php?rest_route=%2Fwp%2Fv2%2Fmedia&parent=12952"}],"wp:term":[{"taxonomy":"category","embeddable":true,"href":"https:\/\/encuentroinformativo.com.mx\/index.php?rest_route=%2Fwp%2Fv2%2Fcategories&post=12952"},{"taxonomy":"post_tag","embeddable":true,"href":"https:\/\/encuentroinformativo.com.mx\/index.php?rest_route=%2Fwp%2Fv2%2Ftags&post=12952"}],"curies":[{"name":"wp","href":"https:\/\/api.w.org\/{rel}","templated":true}]}}