{"id":12954,"date":"2021-04-14T13:44:21","date_gmt":"2021-04-14T18:44:21","guid":{"rendered":"https:\/\/encuentroinformativo.com.mx\/?p=12954"},"modified":"2021-04-14T13:45:31","modified_gmt":"2021-04-14T18:45:31","slug":"para-evitar-coyotaje-productores-comercializan-productos-en-xalapa","status":"publish","type":"post","link":"https:\/\/encuentroinformativo.com.mx\/?p=12954","title":{"rendered":"Para evitar coyotaje, productores comercializan en Xalapa"},"content":{"rendered":"\n<p><strong>Dar\u00edo Pale<\/strong><\/p>\n\n\n\n<p>Xalapa, Ver.- Productores de ajo provenientes de localidades de la sierra de Tlacolulan llegaron a Xalapa a vender ajo para evitar el coyotaje que los orilla a ofertar su producto en menos de la mitad del precio justo.<\/p>\n\n\n\n<p>Entrevistado en el punto de venta en la calle prolongaci\u00f3n Villa Hermosa, Floriberto Garc\u00eda S\u00e1nchez originario de la localidad Omeapan se\u00f1al\u00f3 que,&nbsp;&#8220;all\u00e1 van los coyotes lo pagan muy barato. A mitad de precio se lo andan llegando. All\u00e1 lo pagan a 30. Aqu\u00ed hay de varios precios. Este se da en tierra fr\u00eda&#8221;.<\/p>\n\n\n\n<p>De igual forma se\u00f1alaron que el coyotaje afecta la venta de los derivados de la planta la del ajo, y por&nbsp;crisis vinieron a Xalapa a vender, en meses anteriores han tenido que tirar su ajo cuando se les pudre, ya que&nbsp;no se les da el apoyo de parte del gobierno estatal, a pesar de que venden ajo de calidad.<\/p>\n\n\n\n<p>Hay ajos ex\u00f3ticos, que no se ven en cualquier regi\u00f3n, &#8220;estamos haciendo todo en apoyo a ellos, est\u00e1 vendiendose en 60 pesos, y es m\u00e1s grande que el regular que llega a costar el kilo 120 a 130 pesos, buscamos apoyar es la intenci\u00f3n&#8221;.<\/p>\n\n\n\n<p>En Tlacolulan han dejado&nbsp; de producir ajo por la crisis que se ha ido presentando paulatinamente, es el hecho que no se les da apoyos o los coyotes les pagan a muy bajo precio.<\/p>\n\n\n\n<p>Finalmente cabe se\u00f1alar que en redes sociales subieron la convocatoria y la gente acudi\u00f3 a comprar estos ajos y apoyar a los productores que est\u00e1n vendiendo su ajo a mitad de precio.<\/p>\n\n\n\n<figure class=\"wp-block-image size-large\"><img loading=\"lazy\" decoding=\"async\" width=\"750\" height=\"554\" src=\"https:\/\/encuentroinformativo.com.mx\/wp-content\/uploads\/2021\/04\/AA527563-C733-4713-97A3-4562F7E549A2.jpeg\" alt=\"\" class=\"wp-image-12956\" srcset=\"https:\/\/encuentroinformativo.com.mx\/wp-content\/uploads\/2021\/04\/AA527563-C733-4713-97A3-4562F7E549A2.jpeg 750w, https:\/\/encuentroinformativo.com.mx\/wp-content\/uploads\/2021\/04\/AA527563-C733-4713-97A3-4562F7E549A2-300x222.jpeg 300w\" sizes=\"auto, (max-width: 750px) 100vw, 750px\" \/><\/figure>\n","protected":false},"excerpt":{"rendered":"<p>Dar\u00edo Pale Xalapa, Ver.- Productores de ajo provenientes de localidades de la sierra de Tlacolulan llegaron a Xalapa a vender ajo para evitar el coyotaje que los orilla a ofertar su producto en menos de la mitad del precio justo. Entrevistado en el punto de venta en la calle prolongaci\u00f3n Villa Hermosa, Floriberto Garc\u00eda S\u00e1nchez [&hellip;]<\/p>\n","protected":false},"author":1,"featured_media":12955,"comment_status":"open","ping_status":"open","sticky":false,"template":"","format":"standard","meta":{"_jetpack_memberships_contains_paid_content":false,"footnotes":""},"categories":[2],"tags":[],"class_list":["post-12954","post","type-post","status-publish","format-standard","has-post-thumbnail","hentry","category-estado"],"jetpack_featured_media_url":"https:\/\/encuentroinformativo.com.mx\/wp-content\/uploads\/2021\/04\/4D700175-B14A-4929-B493-FDE8AFBF7CB8.jpeg","jetpack_sharing_enabled":true,"jetpack_likes_enabled":true,"amp_enabled":true,"_links":{"self":[{"href":"https:\/\/encuentroinformativo.com.mx\/index.php?rest_route=\/wp\/v2\/posts\/12954","targetHints":{"allow":["GET"]}}],"collection":[{"href":"https:\/\/encuentroinformativo.com.mx\/index.php?rest_route=\/wp\/v2\/posts"}],"about":[{"href":"https:\/\/encuentroinformativo.com.mx\/index.php?rest_route=\/wp\/v2\/types\/post"}],"author":[{"embeddable":true,"href":"https:\/\/encuentroinformativo.com.mx\/index.php?rest_route=\/wp\/v2\/users\/1"}],"replies":[{"embeddable":true,"href":"https:\/\/encuentroinformativo.com.mx\/index.php?rest_route=%2Fwp%2Fv2%2Fcomments&post=12954"}],"version-history":[{"count":2,"href":"https:\/\/encuentroinformativo.com.mx\/index.php?rest_route=\/wp\/v2\/posts\/12954\/revisions"}],"predecessor-version":[{"id":12958,"href":"https:\/\/encuentroinformativo.com.mx\/index.php?rest_route=\/wp\/v2\/posts\/12954\/revisions\/12958"}],"wp:featuredmedia":[{"embeddable":true,"href":"https:\/\/encuentroinformativo.com.mx\/index.php?rest_route=\/wp\/v2\/media\/12955"}],"wp:attachment":[{"href":"https:\/\/encuentroinformativo.com.mx\/index.php?rest_route=%2Fwp%2Fv2%2Fmedia&parent=12954"}],"wp:term":[{"taxonomy":"category","embeddable":true,"href":"https:\/\/encuentroinformativo.com.mx\/index.php?rest_route=%2Fwp%2Fv2%2Fcategories&post=12954"},{"taxonomy":"post_tag","embeddable":true,"href":"https:\/\/encuentroinformativo.com.mx\/index.php?rest_route=%2Fwp%2Fv2%2Ftags&post=12954"}],"curies":[{"name":"wp","href":"https:\/\/api.w.org\/{rel}","templated":true}]}}