{"id":12959,"date":"2021-04-14T13:52:39","date_gmt":"2021-04-14T18:52:39","guid":{"rendered":"https:\/\/encuentroinformativo.com.mx\/?p=12959"},"modified":"2021-04-14T13:52:43","modified_gmt":"2021-04-14T18:52:43","slug":"sin-condiciones-de-salud-para-retornar-a-clases-presenciales-pediatras","status":"publish","type":"post","link":"https:\/\/encuentroinformativo.com.mx\/?p=12959","title":{"rendered":"Sin condiciones de salud para retornar a clases presenciales: Pediatras"},"content":{"rendered":"\n<p><strong>Juan Arcos <\/strong><\/p>\n\n\n\n<p>Xalapa, Ver.- A\u00fan no hay condiciones de salud p\u00fablica para el regreso a clases presenciales en el estado de Veracruz, consider\u00f3 Daniel Chan V\u00e1zquez, presidente de la Sociedad de Pediatr\u00eda de Xalapa.<\/p>\n\n\n\n<p>El cirujano pediatra del Instituto Mexicano del Seguro Social (IMSS) indic\u00f3 que se desconocer\u00e1 el estado de salud de ni\u00f1as y ni\u00f1os que llegar\u00e1n a los planteles educativos.<\/p>\n\n\n\n<p>\u201cConsider\u00f3 que cl\u00ednicamente, m\u00e9dicamente, no estamos en condiciones de poder regresar a clases todav\u00eda, porque los ni\u00f1os al llegar a la escuela conviven con otros ni\u00f1os y no sabemos el entorno en el que llegan. No sabemos si un ni\u00f1o estuvo contaminado o contagiado en su casa y llega a la escuela y lo transmite a los dem\u00e1s\u201d.<\/p>\n\n\n\n<p>El especialista detall\u00f3 que podr\u00edan registrarse rebrotes de SARS-COV-2 (COVID-19) por las clases presenciales, como ha ocurrido en Estados Unidos y en pa\u00edses de Europa.\u00a0<br>\u201cDonde los ni\u00f1os regresan a la escuela y la escuela se tiene que cerrar porque hay un brote de COVID en la escuela\u201d.<\/p>\n\n\n\n<p>Chan V\u00e1zquez a\u00f1adi\u00f3 que, en la Rep\u00fablica Mexicana, los infantes han tenido baja incidencia de infecciones por COVID-19, lo que muestra que las madres y padres de familia han asumido su responsabilidad de cuidar a sus hijos, mediante las medidas de higiene y aislamiento.<\/p>\n\n\n\n<p>El especialista destac\u00f3 que la vacuna no debe ser aplicada a menores de 15 a\u00f1os, toda vez que no hay estudios cient\u00edficos que avalen su efectividad sin efectos secundarios.<\/p>\n\n\n\n<p>\u201cHasta el momento no se han hecho estudios cl\u00ednicos que han demostrado que no hay eficacia de la vacuna anticovid en ni\u00f1os, no est\u00e1 indicada la vacuna, en Estados Unidos se est\u00e1 promoviendo pero para adolescentes y mayores de edad. Los ni\u00f1os menores de 15 a\u00f1os no est\u00e1 comprobado que tenga alg\u00fan efecto ben\u00e9fico, por eso en M\u00e9xico no se vacunar a ni\u00f1os&#8221;, enfatiz\u00f3.<\/p>\n","protected":false},"excerpt":{"rendered":"<p>Juan Arcos Xalapa, Ver.- A\u00fan no hay condiciones de salud p\u00fablica para el regreso a clases presenciales en el estado de Veracruz, consider\u00f3 Daniel Chan V\u00e1zquez, presidente de la Sociedad de Pediatr\u00eda de Xalapa. El cirujano pediatra del Instituto Mexicano del Seguro Social (IMSS) indic\u00f3 que se desconocer\u00e1 el estado de salud de ni\u00f1as y [&hellip;]<\/p>\n","protected":false},"author":1,"featured_media":12960,"comment_status":"open","ping_status":"open","sticky":false,"template":"","format":"standard","meta":{"_jetpack_memberships_contains_paid_content":false,"footnotes":""},"categories":[9],"tags":[],"class_list":["post-12959","post","type-post","status-publish","format-standard","has-post-thumbnail","hentry","category-salud"],"jetpack_featured_media_url":"https:\/\/encuentroinformativo.com.mx\/wp-content\/uploads\/2021\/04\/D9BC5C85-E211-4EEB-82C0-D2971773ADCD.jpeg","jetpack_sharing_enabled":true,"jetpack_likes_enabled":true,"amp_enabled":true,"_links":{"self":[{"href":"https:\/\/encuentroinformativo.com.mx\/index.php?rest_route=\/wp\/v2\/posts\/12959","targetHints":{"allow":["GET"]}}],"collection":[{"href":"https:\/\/encuentroinformativo.com.mx\/index.php?rest_route=\/wp\/v2\/posts"}],"about":[{"href":"https:\/\/encuentroinformativo.com.mx\/index.php?rest_route=\/wp\/v2\/types\/post"}],"author":[{"embeddable":true,"href":"https:\/\/encuentroinformativo.com.mx\/index.php?rest_route=\/wp\/v2\/users\/1"}],"replies":[{"embeddable":true,"href":"https:\/\/encuentroinformativo.com.mx\/index.php?rest_route=%2Fwp%2Fv2%2Fcomments&post=12959"}],"version-history":[{"count":1,"href":"https:\/\/encuentroinformativo.com.mx\/index.php?rest_route=\/wp\/v2\/posts\/12959\/revisions"}],"predecessor-version":[{"id":12961,"href":"https:\/\/encuentroinformativo.com.mx\/index.php?rest_route=\/wp\/v2\/posts\/12959\/revisions\/12961"}],"wp:featuredmedia":[{"embeddable":true,"href":"https:\/\/encuentroinformativo.com.mx\/index.php?rest_route=\/wp\/v2\/media\/12960"}],"wp:attachment":[{"href":"https:\/\/encuentroinformativo.com.mx\/index.php?rest_route=%2Fwp%2Fv2%2Fmedia&parent=12959"}],"wp:term":[{"taxonomy":"category","embeddable":true,"href":"https:\/\/encuentroinformativo.com.mx\/index.php?rest_route=%2Fwp%2Fv2%2Fcategories&post=12959"},{"taxonomy":"post_tag","embeddable":true,"href":"https:\/\/encuentroinformativo.com.mx\/index.php?rest_route=%2Fwp%2Fv2%2Ftags&post=12959"}],"curies":[{"name":"wp","href":"https:\/\/api.w.org\/{rel}","templated":true}]}}