{"id":12965,"date":"2021-04-14T14:22:15","date_gmt":"2021-04-14T19:22:15","guid":{"rendered":"https:\/\/encuentroinformativo.com.mx\/?p=12965"},"modified":"2021-04-14T14:22:19","modified_gmt":"2021-04-14T19:22:19","slug":"padron-electoral-esta-actualizado-sergio-vera","status":"publish","type":"post","link":"https:\/\/encuentroinformativo.com.mx\/?p=12965","title":{"rendered":"Padr\u00f3n electoral est\u00e1 actualizado: Sergio Vera"},"content":{"rendered":"\n<p><strong>Dar\u00edo Pale <\/strong><\/p>\n\n\n\n<p>Xalapa, Ver.- El Instituto Nacional Electoral (INE) garantizar\u00e1 un padr\u00f3n electoral muy actualizado, el padr\u00f3n tendr\u00e1 un nivel de cobertura del 99.87 por ciento as\u00ed lo afirm\u00f3 el\u00a0vocal ejecutivo del Registro Federal de Electores (RFE), Sergio Vera Olvera.<\/p>\n\n\n\n<p>En entrevista telef\u00f3nica destac\u00f3 que\u00a0del 1 de septiembre del a\u00f1o pasado al 10 de febrero del presente, atendieron a 971 mil 10 personas en los 71 m\u00f3dulos del territorio, por lo cual\u00a0el padr\u00f3n tendr\u00e1 un nivel de cobertura del 99.87 por ciento.<\/p>\n\n\n\n<p>Dio a conocer que la lista nominal hasta el momento, es de 5 millones 955 mil 174 electores, de los cuales, 3 millones 134 mil 304 son mujeres y 2 millones 820 mil 800 son hombres.<\/p>\n\n\n\n<p>Se\u00f1al\u00f3 que aquellos que no recogieron su credencial son 6 mil 745 personas, pero ello no representa ni el .5 por ciento del padr\u00f3n, pese a\u00a0que todav\u00eda tienen que hacer una depuraci\u00f3n y un intercambio entre las diferentes entidades federativas que mandan las definiciones de los veracruzanos, as\u00ed como ellos las de personas de otros estados que fallecieron aqu\u00ed.<\/p>\n\n\n\n<p>De manera que en unos 10 d\u00edas podr\u00e1n emitir el padr\u00f3n final, ya que, record\u00f3, el Consejo General del INE tiene que decretar la validez y definitividad del padr\u00f3n electoral.<\/p>\n\n\n\n<p>Subray\u00f3 que los que s\u00ed recogieron su credencial fueron 438 mil 852 personas que s\u00ed fueron por su documento oficial, y\u00a0que de los 71 m\u00f3dulos que ten\u00edan, a partir de ahora estar\u00e1n funcionando 35, \u00fanica y exclusivamente para la reposici\u00f3n de credenciales, esto hasta el 25 de mayo.<\/p>\n\n\n\n<p>Vera Olvera puntualiz\u00f3 que todas aquellas personas que tengan credencial del 2019 y 2020, quedar\u00e1n sin efecto aunque s\u00ed podr\u00e1n votar con \u00e9stas.<\/p>\n\n\n\n<p>&#8220;S\u00ed, claro, ahorita si pueden ejercer su voto las que perdieron vigencia y todos los que las hayan perdido vayan a los m\u00f3dulos. Hay que llevar los tres documentos de identificaci\u00f3n, comprobante de domicilio y el acta de nacimiento y les hacemos una reimpresi\u00f3n del documento&#8221;, finaliz\u00f3.<\/p>\n","protected":false},"excerpt":{"rendered":"<p>Dar\u00edo Pale Xalapa, Ver.- El Instituto Nacional Electoral (INE) garantizar\u00e1 un padr\u00f3n electoral muy actualizado, el padr\u00f3n tendr\u00e1 un nivel de cobertura del 99.87 por ciento as\u00ed lo afirm\u00f3 el\u00a0vocal ejecutivo del Registro Federal de Electores (RFE), Sergio Vera Olvera. En entrevista telef\u00f3nica destac\u00f3 que\u00a0del 1 de septiembre del a\u00f1o pasado al 10 de febrero [&hellip;]<\/p>\n","protected":false},"author":1,"featured_media":12966,"comment_status":"open","ping_status":"open","sticky":false,"template":"","format":"standard","meta":{"_jetpack_memberships_contains_paid_content":false,"footnotes":""},"categories":[2],"tags":[],"class_list":["post-12965","post","type-post","status-publish","format-standard","has-post-thumbnail","hentry","category-estado"],"jetpack_featured_media_url":"https:\/\/encuentroinformativo.com.mx\/wp-content\/uploads\/2021\/04\/B87586BB-EBB3-474B-899F-A39D86AA7F3B.jpeg","jetpack_sharing_enabled":true,"jetpack_likes_enabled":true,"amp_enabled":true,"_links":{"self":[{"href":"https:\/\/encuentroinformativo.com.mx\/index.php?rest_route=\/wp\/v2\/posts\/12965","targetHints":{"allow":["GET"]}}],"collection":[{"href":"https:\/\/encuentroinformativo.com.mx\/index.php?rest_route=\/wp\/v2\/posts"}],"about":[{"href":"https:\/\/encuentroinformativo.com.mx\/index.php?rest_route=\/wp\/v2\/types\/post"}],"author":[{"embeddable":true,"href":"https:\/\/encuentroinformativo.com.mx\/index.php?rest_route=\/wp\/v2\/users\/1"}],"replies":[{"embeddable":true,"href":"https:\/\/encuentroinformativo.com.mx\/index.php?rest_route=%2Fwp%2Fv2%2Fcomments&post=12965"}],"version-history":[{"count":1,"href":"https:\/\/encuentroinformativo.com.mx\/index.php?rest_route=\/wp\/v2\/posts\/12965\/revisions"}],"predecessor-version":[{"id":12967,"href":"https:\/\/encuentroinformativo.com.mx\/index.php?rest_route=\/wp\/v2\/posts\/12965\/revisions\/12967"}],"wp:featuredmedia":[{"embeddable":true,"href":"https:\/\/encuentroinformativo.com.mx\/index.php?rest_route=\/wp\/v2\/media\/12966"}],"wp:attachment":[{"href":"https:\/\/encuentroinformativo.com.mx\/index.php?rest_route=%2Fwp%2Fv2%2Fmedia&parent=12965"}],"wp:term":[{"taxonomy":"category","embeddable":true,"href":"https:\/\/encuentroinformativo.com.mx\/index.php?rest_route=%2Fwp%2Fv2%2Fcategories&post=12965"},{"taxonomy":"post_tag","embeddable":true,"href":"https:\/\/encuentroinformativo.com.mx\/index.php?rest_route=%2Fwp%2Fv2%2Ftags&post=12965"}],"curies":[{"name":"wp","href":"https:\/\/api.w.org\/{rel}","templated":true}]}}