{"id":12968,"date":"2021-04-14T14:29:31","date_gmt":"2021-04-14T19:29:31","guid":{"rendered":"https:\/\/encuentroinformativo.com.mx\/?p=12968"},"modified":"2021-04-14T14:29:35","modified_gmt":"2021-04-14T19:29:35","slug":"con-protesta-artesanos-y-comerciantes-piden-reabrir-el-tajin","status":"publish","type":"post","link":"https:\/\/encuentroinformativo.com.mx\/?p=12968","title":{"rendered":"Con protesta, artesanos y comerciantes piden reabrir El Taj\u00edn"},"content":{"rendered":"\n<p><strong>Alejandro \u00c1vila<\/strong><\/p>\n\n\n\n<p>Papantla, Ver.- Artesanos, comerciantes y prestadores de servicios tur\u00edsticos de Papantla, se manifestaron este mi\u00e9rcoles  solicitando la reapertura de la zona arqueol\u00f3gica El Taj\u00edn.<\/p>\n\n\n\n<p>El sitio qued\u00f3 cerrado desde el inicio de la pandemia y aunque hace unos meses les informaron que pronto estarar\u00eda habilitado para visitas, a\u00fan no han logrado su apertura, por lo que cansados de las enga\u00f1os de las autoridades, bloquearon la carretera Poza Rica &#8211; Mart\u00ednez de la Torre, a la altura de la localidad de El Taj\u00edn.<\/p>\n\n\n\n<p>M\u00e1s de 50 personas con pancartas, lonas, y sombrillas por el intenso sol, gritaron sus demandas, exigiendo al Instituto Nacional de Antropolog\u00eda e Historia (INAH), que los apoye con la reapertura, ya que muchos de ellos viven del turismo y se vieron severamente afectados desde el cierre en marzo del 2020.&nbsp;<\/p>\n\n\n\n<p>De manera puntual, pidieron que director, Olaf Jaime River\u00f3n, as\u00ed como el arque\u00f3logo Temastiani Atenco S\u00e1nchez, sean separados de sus puestos, ya que nunca han apoyado sus demandas, y solicitaron una audiencia con el delegado del INAH en Veracruz, Jos\u00e9 Manuel Ba\u00f1uelos.<\/p>\n\n\n\n<p>De la misma manera, aclaran que la zona tiene 20 hect\u00e1reas de terreno y es al aire libre, por lo que se pueden cuidar las medidas de distancia y se reduce el riesgo de contagio, adem\u00e1s, se pueden programar visitas en grupos peque\u00f1os, la idea, es volver a reactivar el turismo y la econom\u00eda en el lugar.<\/p>\n\n\n\n<p>El n\u00famero de afectados alcanza las 800 personas de forma directa, y de manera indirecta, decenas de familias de localidades como, San Antonio Taj\u00edn, Morgadal, Taj\u00edn, Ojital Viejo, Gildardo Mu\u00f1oz.<\/p>\n\n\n\n<p>En un inicio, la orden del INAH fue cerrar el lugar por solo 40 d\u00edas para realizar labores de limpieza, sin embargo, el cierre se ha extendido m\u00e1s de un a\u00f1o y no tienen ingresos.<\/p>\n\n\n\n<figure class=\"wp-block-image size-large\"><img loading=\"lazy\" decoding=\"async\" width=\"1024\" height=\"768\" src=\"https:\/\/encuentroinformativo.com.mx\/wp-content\/uploads\/2021\/04\/358DB4A3-C6A2-481A-BC50-17820A806404-1024x768.jpeg\" alt=\"\" class=\"wp-image-12970\" srcset=\"https:\/\/encuentroinformativo.com.mx\/wp-content\/uploads\/2021\/04\/358DB4A3-C6A2-481A-BC50-17820A806404-1024x768.jpeg 1024w, https:\/\/encuentroinformativo.com.mx\/wp-content\/uploads\/2021\/04\/358DB4A3-C6A2-481A-BC50-17820A806404-300x225.jpeg 300w, https:\/\/encuentroinformativo.com.mx\/wp-content\/uploads\/2021\/04\/358DB4A3-C6A2-481A-BC50-17820A806404-768x576.jpeg 768w, https:\/\/encuentroinformativo.com.mx\/wp-content\/uploads\/2021\/04\/358DB4A3-C6A2-481A-BC50-17820A806404.jpeg 1152w\" sizes=\"auto, (max-width: 1024px) 100vw, 1024px\" \/><\/figure>\n\n\n\n<p><\/p>\n","protected":false},"excerpt":{"rendered":"<p>Alejandro \u00c1vila Papantla, Ver.- Artesanos, comerciantes y prestadores de servicios tur\u00edsticos de Papantla, se manifestaron este mi\u00e9rcoles solicitando la reapertura de la zona arqueol\u00f3gica El Taj\u00edn. El sitio qued\u00f3 cerrado desde el inicio de la pandemia y aunque hace unos meses les informaron que pronto estarar\u00eda habilitado para visitas, a\u00fan no han logrado su apertura, [&hellip;]<\/p>\n","protected":false},"author":1,"featured_media":12969,"comment_status":"open","ping_status":"open","sticky":false,"template":"","format":"standard","meta":{"_jetpack_memberships_contains_paid_content":false,"footnotes":""},"categories":[2],"tags":[],"class_list":["post-12968","post","type-post","status-publish","format-standard","has-post-thumbnail","hentry","category-estado"],"jetpack_featured_media_url":"https:\/\/encuentroinformativo.com.mx\/wp-content\/uploads\/2021\/04\/BB4FD83C-A1AB-4D0E-B75A-C769879E8463.jpeg","jetpack_sharing_enabled":true,"jetpack_likes_enabled":true,"amp_enabled":true,"_links":{"self":[{"href":"https:\/\/encuentroinformativo.com.mx\/index.php?rest_route=\/wp\/v2\/posts\/12968","targetHints":{"allow":["GET"]}}],"collection":[{"href":"https:\/\/encuentroinformativo.com.mx\/index.php?rest_route=\/wp\/v2\/posts"}],"about":[{"href":"https:\/\/encuentroinformativo.com.mx\/index.php?rest_route=\/wp\/v2\/types\/post"}],"author":[{"embeddable":true,"href":"https:\/\/encuentroinformativo.com.mx\/index.php?rest_route=\/wp\/v2\/users\/1"}],"replies":[{"embeddable":true,"href":"https:\/\/encuentroinformativo.com.mx\/index.php?rest_route=%2Fwp%2Fv2%2Fcomments&post=12968"}],"version-history":[{"count":1,"href":"https:\/\/encuentroinformativo.com.mx\/index.php?rest_route=\/wp\/v2\/posts\/12968\/revisions"}],"predecessor-version":[{"id":12971,"href":"https:\/\/encuentroinformativo.com.mx\/index.php?rest_route=\/wp\/v2\/posts\/12968\/revisions\/12971"}],"wp:featuredmedia":[{"embeddable":true,"href":"https:\/\/encuentroinformativo.com.mx\/index.php?rest_route=\/wp\/v2\/media\/12969"}],"wp:attachment":[{"href":"https:\/\/encuentroinformativo.com.mx\/index.php?rest_route=%2Fwp%2Fv2%2Fmedia&parent=12968"}],"wp:term":[{"taxonomy":"category","embeddable":true,"href":"https:\/\/encuentroinformativo.com.mx\/index.php?rest_route=%2Fwp%2Fv2%2Fcategories&post=12968"},{"taxonomy":"post_tag","embeddable":true,"href":"https:\/\/encuentroinformativo.com.mx\/index.php?rest_route=%2Fwp%2Fv2%2Ftags&post=12968"}],"curies":[{"name":"wp","href":"https:\/\/api.w.org\/{rel}","templated":true}]}}