{"id":12978,"date":"2021-04-14T17:43:40","date_gmt":"2021-04-14T22:43:40","guid":{"rendered":"https:\/\/encuentroinformativo.com.mx\/?p=12978"},"modified":"2021-04-14T17:43:43","modified_gmt":"2021-04-14T22:43:43","slug":"pobladores-reportan-sequia-historica-en-laguna-de-el-farallon","status":"publish","type":"post","link":"https:\/\/encuentroinformativo.com.mx\/?p=12978","title":{"rendered":"Pobladores reportan sequ\u00eda hist\u00f3rica en Laguna de El Farall\u00f3n"},"content":{"rendered":"\n<p><strong>Juan Arcos<\/strong><\/p>\n\n\n\n<p>Xalapa, Ver.- La laguna de la localidad El Farall\u00f3n, municipio de Actopan, presenta un nivel de sequ\u00eda hist\u00f3rico, comentan pobladores y pescadores de esta zona aleda\u00f1a a la Central Nucleoel\u00e9ctrica de Laguna Verde.<\/p>\n\n\n\n<p>Las personas solicitan a las autoridades competentes que se lleve a cabo un estudio para conocer cu\u00e1les son los factores que han agravado el problema, toda vez que nunca antes hab\u00eda sido tan alarmante.<\/p>\n\n\n\n<p>De acuerdo con el ambientalista Guillermo Rodr\u00edguez Curiel, en algunas zonas de la laguna ya no hay agua, ni peces; s\u00f3lo se observa el lodo.<\/p>\n\n\n\n<p>El integrante de La Asamblea de Iniciativas y Defensa Ambiental (Lavida) atribuye esta situaci\u00f3n a los trabajos de miner\u00eda a cielo abierto que se llevan a cabo a pocos kil\u00f3metros de distancia, donde empresas canadienses realizan exploraciones para extraer plata y oro, como parte del proyecto Caballo Blanco en el cerro La Paila, localidad de Palma Sola, Alto Lucero.<\/p>\n\n\n\n<p>Mientras que en el municipio de Actopan tambi\u00e9n existen estos trabajos en el cerro \u201cLa Bandera\u201d, donde buscan extraer cobre.<\/p>\n\n\n\n<p>&#8220;En la Laguna del Farall\u00f3n est\u00e1 seca. Ah\u00ed dice, cuidado con los cocodrilos, no hay cocodrilos, dice, cuidado con el agua, ya no hay agua, ya no m\u00e1s queda el lodo, ya no hay peces. Todas las lagunas que est\u00e1n en ese sistema , cerquita de Laguna Verde, todas est\u00e1n secas&#8221;.<\/p>\n\n\n\n<p>El activista detall\u00f3 que los manantiales se secaron por los trabajos que llevan a cabo las mineras en los municipios mencionados.<\/p>\n\n\n\n<p>Rodr\u00edguez Curiel a\u00f1adi\u00f3 que las mineras realizan perforaciones que van de 40 a 800 metros de profundidad, situaci\u00f3n que afecta al cauce del agua.<\/p>\n\n\n\n<p>Cabe mencionar que grupos ambientalistas anunciaron recientemente que reanudar\u00e1n sus protestas masivas contra la miner\u00eda a cielo abierto, para exigir al gobierno que Veracruz sea declarado un estado libre de dicha actividad \u201ct\u00f3xica\u201d.<\/p>\n\n\n\n<p>Una concentraci\u00f3n se llevar\u00e1 a cabo el pr\u00f3ximo 24 de abril en el municipio de Naolinco, a diez kil\u00f3metros de Xalapa, la capital del estado, a partir de las cuatro de la tarde.<\/p>\n","protected":false},"excerpt":{"rendered":"<p>Juan Arcos Xalapa, Ver.- La laguna de la localidad El Farall\u00f3n, municipio de Actopan, presenta un nivel de sequ\u00eda hist\u00f3rico, comentan pobladores y pescadores de esta zona aleda\u00f1a a la Central Nucleoel\u00e9ctrica de Laguna Verde. Las personas solicitan a las autoridades competentes que se lleve a cabo un estudio para conocer cu\u00e1les son los factores [&hellip;]<\/p>\n","protected":false},"author":1,"featured_media":12979,"comment_status":"open","ping_status":"open","sticky":false,"template":"","format":"standard","meta":{"_jetpack_memberships_contains_paid_content":false,"footnotes":""},"categories":[2],"tags":[],"class_list":["post-12978","post","type-post","status-publish","format-standard","has-post-thumbnail","hentry","category-estado"],"jetpack_featured_media_url":"https:\/\/encuentroinformativo.com.mx\/wp-content\/uploads\/2021\/04\/1E7D4F28-1D92-40A7-9179-2ED6450AB943.jpeg","jetpack_sharing_enabled":true,"jetpack_likes_enabled":true,"amp_enabled":true,"_links":{"self":[{"href":"https:\/\/encuentroinformativo.com.mx\/index.php?rest_route=\/wp\/v2\/posts\/12978","targetHints":{"allow":["GET"]}}],"collection":[{"href":"https:\/\/encuentroinformativo.com.mx\/index.php?rest_route=\/wp\/v2\/posts"}],"about":[{"href":"https:\/\/encuentroinformativo.com.mx\/index.php?rest_route=\/wp\/v2\/types\/post"}],"author":[{"embeddable":true,"href":"https:\/\/encuentroinformativo.com.mx\/index.php?rest_route=\/wp\/v2\/users\/1"}],"replies":[{"embeddable":true,"href":"https:\/\/encuentroinformativo.com.mx\/index.php?rest_route=%2Fwp%2Fv2%2Fcomments&post=12978"}],"version-history":[{"count":1,"href":"https:\/\/encuentroinformativo.com.mx\/index.php?rest_route=\/wp\/v2\/posts\/12978\/revisions"}],"predecessor-version":[{"id":12980,"href":"https:\/\/encuentroinformativo.com.mx\/index.php?rest_route=\/wp\/v2\/posts\/12978\/revisions\/12980"}],"wp:featuredmedia":[{"embeddable":true,"href":"https:\/\/encuentroinformativo.com.mx\/index.php?rest_route=\/wp\/v2\/media\/12979"}],"wp:attachment":[{"href":"https:\/\/encuentroinformativo.com.mx\/index.php?rest_route=%2Fwp%2Fv2%2Fmedia&parent=12978"}],"wp:term":[{"taxonomy":"category","embeddable":true,"href":"https:\/\/encuentroinformativo.com.mx\/index.php?rest_route=%2Fwp%2Fv2%2Fcategories&post=12978"},{"taxonomy":"post_tag","embeddable":true,"href":"https:\/\/encuentroinformativo.com.mx\/index.php?rest_route=%2Fwp%2Fv2%2Ftags&post=12978"}],"curies":[{"name":"wp","href":"https:\/\/api.w.org\/{rel}","templated":true}]}}