{"id":12992,"date":"2021-04-15T13:57:08","date_gmt":"2021-04-15T18:57:08","guid":{"rendered":"https:\/\/encuentroinformativo.com.mx\/?p=12992"},"modified":"2021-04-15T13:57:13","modified_gmt":"2021-04-15T18:57:13","slug":"poder-legislativo-sin-debates-aprueban-todo-investigador","status":"publish","type":"post","link":"https:\/\/encuentroinformativo.com.mx\/?p=12992","title":{"rendered":"Poder legislativo sin debates, aprueban todo: Investigador"},"content":{"rendered":"\n<p><strong>Dar\u00edo Pale <\/strong><\/p>\n\n\n\n<p>Xalapa, Ver.- El presidente de M\u00e9xico, Andr\u00e9s Manuel L\u00f3pez Obrador es un mandatario muy &#8220;agresivo&#8221; que ha roto con los c\u00e1nones del discurso, as\u00ed lo se\u00f1al\u00f3 el\u00a0investigador de la Universidad Veracruzana, Alberto Olvera.<\/p>\n\n\n\n<p>Durante el seminario de Estudios Pol\u00edticos M\u00e9xico-Francia, que imparte El Colegio de Veracruz (Colver), sostuvo que el mandatario nacional ha impuesto un r\u00e9gimen de subordinaci\u00f3n y obediencia y aquellos que no lo aceptan est\u00e1n siendo descalificados, criticados o ignorados.<\/p>\n\n\n\n<p>Critic\u00f3 que el Poder Legislativo no debate nada, no hay espacio para la discusi\u00f3n y aprueba todas las leyes del Presidente.<\/p>\n\n\n\n<p>&#8220;El Presidente ha creado un Estado paralelo al Estado formal a trav\u00e9s de los superdelegados por una v\u00eda alterna no prevista en la ley. Lo que tenemos un mecanismo de subordinaci\u00f3n de los poderes locales al Ejecutivo federal, de manera que tenemos la reconstrucci\u00f3n de la centralizaci\u00f3n presidencial del poder y este concepto en donde la agencia pol\u00edtica le pertenece \u00fanica y exclusivamente al Presidente, es lo que nos toca vivir&#8221;, se\u00f1al\u00f3.<\/p>\n\n\n\n<p>Expres\u00f3 que la violencia verbal en M\u00e9xico no ha sido como la violencia verbal que el presidente de Francia, Emmanuel Macron ha usado, pero aqu\u00ed Andr\u00e9s Manuel s\u00ed ha tenido una violencia simb\u00f3lica tan poco acostumbrada, agreg\u00f3 que el manejo de la pandemia en M\u00e9xico ha sido m\u00e1s catastr\u00f3fico que en Francia, por lo que seremos el segundo lugar a nivel mundial de muertes por Covid-19, toda vez que hay una p\u00e9sima campa\u00f1a de vacunaci\u00f3n que seguramente llevar\u00e1 2 o 3 a\u00f1os para concluir.<\/p>\n\n\n\n<p>Dio a conocer que el a\u00f1o pasado se le destin\u00f3 el 1.1 por ciento del PIB a atender la pandemia y el 1.4 por ciento para subsidiar a Pemex, es decir, el gobierno Federal asume 500 mil millones de la deuda de\u00a0 la empresa &#8220;zombie&#8221;.<\/p>\n\n\n\n<p>Asimismo, defini\u00f3 que el movimiento feminista en nuestro pa\u00eds es el m\u00e1s importante desde el punto de vista simb\u00f3lico y pol\u00edtico del momento que es atacado porque es un movimiento que no se &#8220;apiada&#8221; de la sumisi\u00f3n al poder que se vive en este r\u00e9gimen.<\/p>\n\n\n\n<p>Lo mismo sucede con los colectivos de familiares de personas desaparecidas, que representan un movimiento en defensa de los derechos humanos y del derecho humano m\u00e1s b\u00e1sico, el derecho a la vida.<\/p>\n\n\n\n<p>&#8220;Aqu\u00ed no se les ataca, pero se les ignora, porque es grand\u00edsimo cruzado por una violencia criminal terrible. No se acepta su exigencia&#8221;, sostuvo.<\/p>\n\n\n\n<p>Finalmente coment\u00f3 que lo mismo se puede decir de los movimientos ind\u00edgenas que est\u00e1n resistiendo los proyectos como la construcci\u00f3n del Tren Maya, del Ferrocarril Interoce\u00e1nico, la refiner\u00eda Dos Bocas, en general de todas las megaobras de dudosa calidad.<\/p>\n","protected":false},"excerpt":{"rendered":"<p>Dar\u00edo Pale Xalapa, Ver.- El presidente de M\u00e9xico, Andr\u00e9s Manuel L\u00f3pez Obrador es un mandatario muy &#8220;agresivo&#8221; que ha roto con los c\u00e1nones del discurso, as\u00ed lo se\u00f1al\u00f3 el\u00a0investigador de la Universidad Veracruzana, Alberto Olvera. Durante el seminario de Estudios Pol\u00edticos M\u00e9xico-Francia, que imparte El Colegio de Veracruz (Colver), sostuvo que el mandatario nacional ha [&hellip;]<\/p>\n","protected":false},"author":1,"featured_media":4960,"comment_status":"open","ping_status":"open","sticky":false,"template":"","format":"standard","meta":{"_jetpack_memberships_contains_paid_content":false,"footnotes":""},"categories":[3],"tags":[],"class_list":["post-12992","post","type-post","status-publish","format-standard","has-post-thumbnail","hentry","category-xalapa"],"jetpack_featured_media_url":"https:\/\/encuentroinformativo.com.mx\/wp-content\/uploads\/2020\/08\/1410.jpeg","jetpack_sharing_enabled":true,"jetpack_likes_enabled":true,"amp_enabled":true,"_links":{"self":[{"href":"https:\/\/encuentroinformativo.com.mx\/index.php?rest_route=\/wp\/v2\/posts\/12992","targetHints":{"allow":["GET"]}}],"collection":[{"href":"https:\/\/encuentroinformativo.com.mx\/index.php?rest_route=\/wp\/v2\/posts"}],"about":[{"href":"https:\/\/encuentroinformativo.com.mx\/index.php?rest_route=\/wp\/v2\/types\/post"}],"author":[{"embeddable":true,"href":"https:\/\/encuentroinformativo.com.mx\/index.php?rest_route=\/wp\/v2\/users\/1"}],"replies":[{"embeddable":true,"href":"https:\/\/encuentroinformativo.com.mx\/index.php?rest_route=%2Fwp%2Fv2%2Fcomments&post=12992"}],"version-history":[{"count":1,"href":"https:\/\/encuentroinformativo.com.mx\/index.php?rest_route=\/wp\/v2\/posts\/12992\/revisions"}],"predecessor-version":[{"id":12993,"href":"https:\/\/encuentroinformativo.com.mx\/index.php?rest_route=\/wp\/v2\/posts\/12992\/revisions\/12993"}],"wp:featuredmedia":[{"embeddable":true,"href":"https:\/\/encuentroinformativo.com.mx\/index.php?rest_route=\/wp\/v2\/media\/4960"}],"wp:attachment":[{"href":"https:\/\/encuentroinformativo.com.mx\/index.php?rest_route=%2Fwp%2Fv2%2Fmedia&parent=12992"}],"wp:term":[{"taxonomy":"category","embeddable":true,"href":"https:\/\/encuentroinformativo.com.mx\/index.php?rest_route=%2Fwp%2Fv2%2Fcategories&post=12992"},{"taxonomy":"post_tag","embeddable":true,"href":"https:\/\/encuentroinformativo.com.mx\/index.php?rest_route=%2Fwp%2Fv2%2Ftags&post=12992"}],"curies":[{"name":"wp","href":"https:\/\/api.w.org\/{rel}","templated":true}]}}