{"id":13007,"date":"2021-04-16T08:50:58","date_gmt":"2021-04-16T13:50:58","guid":{"rendered":"https:\/\/encuentroinformativo.com.mx\/?p=13007"},"modified":"2021-04-16T08:51:03","modified_gmt":"2021-04-16T13:51:03","slug":"la-maldicion-de-salinas-a-jesus-carranza-y-el-colombia","status":"publish","type":"post","link":"https:\/\/encuentroinformativo.com.mx\/?p=13007","title":{"rendered":"LA MALDICI\u00d3N DE SALINAS A JES\u00daS CARRANZA Y &#8220;EL COLOMBIA&#8221;"},"content":{"rendered":"\n<p><strong>@pablojair<\/strong><\/p>\n\n\n\n<ul class=\"wp-block-list\"><li>Grupo MAS se amarra el dedo y dice que hay estiaje.<\/li><li>Opiniones encontradas con el regreso a clases presenciales.<\/li><li>\u00a1Ah, pa&#8217; amiguitos que se cargan Cascarita y sus chilpayates!<\/li><\/ul>\n\n\n\n<p>Al rato van a salir con que las galletas Mar\u00edas<br>son un insulto a las se\u00f1oras que venden verduras y flores<br>&#8211;Chopenjawer copiando al Cat<\/p>\n\n\n\n<p>En ese entonces, el presidente Carlos Salinas de Gortari realizaba un gira por el municipio de Jes\u00fas Carranza. Eran los tiempos de Dante Delgado Rannauro como gobernador interino.<\/p>\n\n\n\n<p>Jes\u00fas Carranza es un municipio al sur de Veracruz, en la regi\u00f3n Istmo. De hecho, por su territorio cruza la carretera federal 185, mejor conocida como &#8220;La Transistmica&#8221;, porque conecta a los oc\u00e9anos Atl\u00e1ntico y Pac\u00edfico a trav\u00e9s de los puertos de Salina Cruz, Oaxaca, y Coatzacoalcos, Veracruz: .<\/p>\n\n\n\n<p>Carranza es famoso no s\u00f3lo por el nombre del militar mexicano que fue hermano del presidente Venustiano, sino porque aqu\u00ed se han encontrado vestigios arqueol\u00f3gicos olmecas como el &#8220;Se\u00f1or de Las Limas&#8221;, una de las esculturas m\u00e1s conocidas de esa civilizaci\u00f3n.<\/p>\n\n\n\n<p>Es, pues, la entrada oficial al istmo veracruzano.<\/p>\n\n\n\n<p>Cuentan que Carlos Salinas de Gortari arribaba a dicho lugar para inaugurar del puente Suchilapa, donde se hizo todo el bonito evento, la foto, los abrazos, el discurso, el pinche calor\u00f3n del nabo, etc.<\/p>\n\n\n\n<p>Ya para despedirse, Salinas de Gortari fue acompa\u00f1ado por Dante a los helic\u00f3pteros Puma que estaban listos para despegar del campo deportivo donde hab\u00edan aterrizado.<\/p>\n\n\n\n<p>Iban platicando de varias cosas, hasta que al llegar a la aeronave, Salinas de Gortari hizo un \u00faltimo comentario al alvarade\u00f1o-cordob\u00e9s<\/p>\n\n\n\n<p>&#8211;\u00bfPor qu\u00e9 no vendes Jes\u00fas Carranza?, est\u00e1 muy feo aqu\u00ed\u2026<\/p>\n\n\n\n<p>Y pos era el presidente\u2026 en tiempos del PRI\u2026 As\u00ed que no hab\u00eda m\u00e1s que re\u00edrse de la &#8220;ocurrencia&#8221; o &#8220;chiste&#8221; o lo que fuera.<\/p>\n\n\n\n<p>Todos: &#8220;JA-JA-JA-JA&#8221;.<\/p>\n\n\n\n<p>Pero parece que desde entonces le cay\u00f3 el moco a Jes\u00fas Carranza. Una especie de maldici\u00f3n.<\/p>\n\n\n\n<p>Siendo la puerta del Istmo veracruzano, hasta la fecha es un lugar olvidado. Se comenta que los alcaldes de este lugar, como Gilberto Guill\u00e9n Serrano, batallaban mucho para bajar recursos federales y se sostiene por la importante actividad ganadera que hay en la zona.<\/p>\n\n\n\n<p>Precisamente en esa regi\u00f3n olvidada se encuentra la entrada al Uxpanapa, parte de la selva tropical donde se asent\u00f3 parte de la etnia chinanteca desplazada por la construcci\u00f3n de una presa en Oaxaca.<\/p>\n\n\n\n<p>Se cuenta que por esas fechas fue detenido un personaje sospechoso en la zona, durante un recorrido realizado por personal de la entonces Direcci\u00f3n General de Seguridad P\u00fablica del Estado. Era apodado como &#8220;El Colombia&#8221;.<\/p>\n\n\n\n<p>Este fue llevado a la delegaci\u00f3n en Acayucan para ser interrogado y dicen que entre sus pertenencias le fue encontrada una tarjeta del presidente Carlos Salinas de Gortari, con un texto al reverso que dec\u00eda m\u00e1s o menos as\u00ed: &#8220;Por favor, dar a esta persona todas las atenciones y facilidades que requiera&#8221;, con una supuesta firma del presidente.<\/p>\n\n\n\n<p>Dicen que su verdadero nombre era Pablo Escobar\u2026 seguramente un hom\u00f3nimo del famoso narcotraficante.<\/p>\n\n\n\n<p>Luego se supo que era un ganadero originario de aquel pa\u00eds, quien hab\u00eda introducido ganado de calidad a la regi\u00f3n, reactivando la econom\u00eda que todav\u00eda hace sobrevivir a Uxpanapa, Carranza y lugares aleda\u00f1os hasta el d\u00eda de hoy.<\/p>\n\n\n\n<p>No sean malpensados, por favor\u2026 Bueno, mejor s\u00ed.<\/p>\n\n\n\n<p><strong>NOTA PARA PEGAR EN EL REFRI: <\/strong>Que en estos d\u00edas, Grupo MAS, la operadora de las aguas de Veracruz, Boca del R\u00edo y Medell\u00edn, anda amarr\u00e1ndose el dedo diciendo que no hay agua en algunas colonias porque hay un &#8220;estiaje adelantado&#8221;, por lo cual se ha reducido la capacidad de agua para la planta potabilizadora de El Tejar. Quienes reviraron de inmediato fueron los trabajadores del sindicato &#8220;Tte. Jos\u00e9 Azueta del SAS de Veracruz, Boca del R\u00edo y Medellin&#8221;, quienes en un video en redes sociales desmintieron lo anterior y se\u00f1alan que s\u00ed hay agua en otros afluentes, pero no quieren invertir en la planta para abastecer a la regi\u00f3n\u2026 &#8220;Agua s\u00ed hay, lo que no hay es inversi\u00f3n y no que la empresa Odebrecht venia a invertir millones de pesos para darnos abundante agua y de calidad???? Nada de eso ha pasado ni pasar\u00e1 porque esta empresa solo vino a llevarse el dinero de los tres municipios, pensaron que siempre estar\u00edan los que le cedieron la concesi\u00f3n llena de irregularidades y son sus principales defensores y el colmo el jefe de la planta potabilizadoras de el Tejar sale con sus rid\u00edculas mentiras a culpar el estiaje, ni con sus 20 a\u00f1os de estar en la planta se preocup\u00f3 por saber c\u00f3mo se operaba, a el solo le intereso que no dejaran de pagarle su salario&#8221;.<\/p>\n\n\n\n<p><strong>OTRA NOTA: <\/strong>Hay muchas opiniones encontradas con respecto al regreso a clases presenciales. Hay quienes s\u00ed apuestan a que los alumnos ya regresen a las aulas porque no es el mismo aprendizaje el que llevan en casa, con computadora, al de estar en una aula form\u00e1ndose, socializando y educ\u00e1ndose m\u00e1s all\u00e1 del Zoom y el Whatsapp\u2026 Tambi\u00e9n son v\u00e1lidos los se\u00f1alamientos de quienes dicen si realmente valdr\u00eda la pena exponer a los ni\u00f1os (aunque el Covid19 no parece afectarles tanto como a un adulto) a volverlos a meter a clases y llevar lo anterior con una &#8220;nueva normalidad&#8221;\u2026 Y es que si a veces hay brote de piojos, qui\u00e9n asegura que no haya brote de Covid.<\/p>\n\n\n\n<p><strong>LA \u00daLTIMA PORQUE YA ES VIEEEEERNEEEES:<\/strong> Que el aliado de Cascarita y sus moquitos berrinchudos, Gregorio G\u00f3mez, ya fue vinculado a proceso por la probable comisi\u00f3n de los delitos de robo de veh\u00edculo en su modalidad de posesi\u00f3n, da\u00f1os, ultrajes a la autoridad y narcomenudeo en su forma de posesi\u00f3n simple, quien fue detenido en flagrancia por elementos de la Fuerza Civil. Por lo anterior, quitan del camino a un fuerte aliado del Cascarismo, operador y patrocinador en la regi\u00f3n de Poza Rica\u2026 En el mismo esquema, tambi\u00e9n la detenci\u00f3n del l\u00edder moral del PRD, Rogelio Franco (por cierto, como que se les acab\u00f3 el gas en las protestas, porque ya no se oyen) y de Ram\u00f3n Ortiz, tambi\u00e9n vinculado al clan de los Yunes por aquello de que ten\u00edan amistad con el Comandante H, gran amigo tambi\u00e9n del dirigente de la CATEM detenido en Coatza\u2026 \u00a1Ah, pa&#8217; amiguitos que se cargan!\u2026 Por cierto \u00bfc\u00f3mo est\u00e1 eso de que el aspirante panista a la alcald\u00eda de Tuxpan, Pepe Mancha, anda buscando ampararse? \u00bfPos a qu\u00e9 le teme?<\/p>\n","protected":false},"excerpt":{"rendered":"<p>@pablojair Grupo MAS se amarra el dedo y dice que hay estiaje. Opiniones encontradas con el regreso a clases presenciales. \u00a1Ah, pa&#8217; amiguitos que se cargan Cascarita y sus chilpayates! Al rato van a salir con que las galletas Mar\u00edasson un insulto a las se\u00f1oras que venden verduras y flores&#8211;Chopenjawer copiando al Cat En ese [&hellip;]<\/p>\n","protected":false},"author":1,"featured_media":488,"comment_status":"open","ping_status":"open","sticky":false,"template":"","format":"standard","meta":{"_jetpack_memberships_contains_paid_content":false,"footnotes":""},"categories":[11],"tags":[],"class_list":["post-13007","post","type-post","status-publish","format-standard","has-post-thumbnail","hentry","category-opinion"],"jetpack_featured_media_url":"https:\/\/encuentroinformativo.com.mx\/wp-content\/uploads\/2020\/03\/F471F608-BA1A-416B-BA7B-BCFB24F4E6D0.jpeg","jetpack_sharing_enabled":true,"jetpack_likes_enabled":true,"amp_enabled":true,"_links":{"self":[{"href":"https:\/\/encuentroinformativo.com.mx\/index.php?rest_route=\/wp\/v2\/posts\/13007","targetHints":{"allow":["GET"]}}],"collection":[{"href":"https:\/\/encuentroinformativo.com.mx\/index.php?rest_route=\/wp\/v2\/posts"}],"about":[{"href":"https:\/\/encuentroinformativo.com.mx\/index.php?rest_route=\/wp\/v2\/types\/post"}],"author":[{"embeddable":true,"href":"https:\/\/encuentroinformativo.com.mx\/index.php?rest_route=\/wp\/v2\/users\/1"}],"replies":[{"embeddable":true,"href":"https:\/\/encuentroinformativo.com.mx\/index.php?rest_route=%2Fwp%2Fv2%2Fcomments&post=13007"}],"version-history":[{"count":1,"href":"https:\/\/encuentroinformativo.com.mx\/index.php?rest_route=\/wp\/v2\/posts\/13007\/revisions"}],"predecessor-version":[{"id":13008,"href":"https:\/\/encuentroinformativo.com.mx\/index.php?rest_route=\/wp\/v2\/posts\/13007\/revisions\/13008"}],"wp:featuredmedia":[{"embeddable":true,"href":"https:\/\/encuentroinformativo.com.mx\/index.php?rest_route=\/wp\/v2\/media\/488"}],"wp:attachment":[{"href":"https:\/\/encuentroinformativo.com.mx\/index.php?rest_route=%2Fwp%2Fv2%2Fmedia&parent=13007"}],"wp:term":[{"taxonomy":"category","embeddable":true,"href":"https:\/\/encuentroinformativo.com.mx\/index.php?rest_route=%2Fwp%2Fv2%2Fcategories&post=13007"},{"taxonomy":"post_tag","embeddable":true,"href":"https:\/\/encuentroinformativo.com.mx\/index.php?rest_route=%2Fwp%2Fv2%2Ftags&post=13007"}],"curies":[{"name":"wp","href":"https:\/\/api.w.org\/{rel}","templated":true}]}}