{"id":13009,"date":"2021-04-16T10:22:46","date_gmt":"2021-04-16T15:22:46","guid":{"rendered":"https:\/\/encuentroinformativo.com.mx\/?p=13009"},"modified":"2021-04-16T10:36:38","modified_gmt":"2021-04-16T15:36:38","slug":"maestro-de-ingles-reclaman-pagos-a-la-sev","status":"publish","type":"post","link":"https:\/\/encuentroinformativo.com.mx\/?p=13009","title":{"rendered":"Maestros de ingl\u00e9s reclaman pagos a la SEV"},"content":{"rendered":"\n<p><strong>Dar\u00edo Pale <\/strong><\/p>\n\n\n\n<p>Xalapa, Ver.- Maestros del programa nacional de ingl\u00e9s se manifestaron en la Plaza Lerdo para exigir a la Secretar\u00eda de Educaci\u00f3n de Veracruz (SEV) el pago de tres meses de trabajo que les adeudan ya que desde el cambio del nuevo coordinador se han presentado estas irregularidades.<\/p>\n\n\n\n<p>Entrevistada durante la manifestaci\u00f3n en la Plaza Lerdo, la&nbsp;maestra Miriam Flores dio a conocer que la situaci\u00f3n es muy dif\u00edcil para todos y a pesar de ello est\u00e1n buscando la forma de continuar dando las clases, a pesar de que las facturas de Internet, telefon\u00eda y luz, cada d\u00eda se van acumulando.<\/p>\n\n\n\n<p>Con pancartas, los maestros expresaron que son ya tres meses los que les adeudan y ya no pueden continuar manteniendo sus gastos para otorgar la materia a los menores,&nbsp;&#8220;tenemos tres meses sin recibir un sueldo, se nos est\u00e1 pidiendo que sigamos trabajando con o sin recurso econ\u00f3mico&#8221;.<\/p>\n\n\n\n<p>Est\u00e1n molestos ya que los tienen as\u00ed desde que cambiaron al coordinador y&nbsp;que solo les dicen &#8220;que ya va a llegar&#8221; y hasta este momento no ha llegado, dej\u00e1ndoles en una situaci\u00f3n muy complicada.<\/p>\n\n\n\n<p>Adem\u00e1s, critic\u00f3 que la Secretar\u00eda de Educaci\u00f3n est\u00e9 pidiendo clases y ense\u00f1anza de calidad para los alumnos, pero no se encargue de otorgar los medios para que el maestro se desempe\u00f1e correctamente.<\/p>\n\n\n\n<p>Por \u00faltimo reconoci\u00f3 que son docentes que no cuentan con ning\u00fan apoyo laboral no tienen base, prestaciones, vacaciones, aguinaldos, ni ninguna de ellas, sin embargo as\u00ed han decidido trabajar bajo un pago mensual, pero que si sea otorgado.<\/p>\n\n\n\n<figure class=\"wp-block-image size-large\"><img loading=\"lazy\" decoding=\"async\" width=\"1024\" height=\"671\" src=\"https:\/\/encuentroinformativo.com.mx\/wp-content\/uploads\/2021\/04\/671D49A7-CF0B-4667-95A9-AC16C4FDBD97-1024x671.jpeg\" alt=\"\" class=\"wp-image-13011\" srcset=\"https:\/\/encuentroinformativo.com.mx\/wp-content\/uploads\/2021\/04\/671D49A7-CF0B-4667-95A9-AC16C4FDBD97-1024x671.jpeg 1024w, https:\/\/encuentroinformativo.com.mx\/wp-content\/uploads\/2021\/04\/671D49A7-CF0B-4667-95A9-AC16C4FDBD97-300x197.jpeg 300w, https:\/\/encuentroinformativo.com.mx\/wp-content\/uploads\/2021\/04\/671D49A7-CF0B-4667-95A9-AC16C4FDBD97-768x503.jpeg 768w, https:\/\/encuentroinformativo.com.mx\/wp-content\/uploads\/2021\/04\/671D49A7-CF0B-4667-95A9-AC16C4FDBD97.jpeg 1180w\" sizes=\"auto, (max-width: 1024px) 100vw, 1024px\" \/><\/figure>\n","protected":false},"excerpt":{"rendered":"<p>Dar\u00edo Pale Xalapa, Ver.- Maestros del programa nacional de ingl\u00e9s se manifestaron en la Plaza Lerdo para exigir a la Secretar\u00eda de Educaci\u00f3n de Veracruz (SEV) el pago de tres meses de trabajo que les adeudan ya que desde el cambio del nuevo coordinador se han presentado estas irregularidades. Entrevistada durante la manifestaci\u00f3n en la [&hellip;]<\/p>\n","protected":false},"author":1,"featured_media":13010,"comment_status":"open","ping_status":"open","sticky":false,"template":"","format":"standard","meta":{"_jetpack_memberships_contains_paid_content":false,"footnotes":""},"categories":[3],"tags":[],"class_list":["post-13009","post","type-post","status-publish","format-standard","has-post-thumbnail","hentry","category-xalapa"],"jetpack_featured_media_url":"https:\/\/encuentroinformativo.com.mx\/wp-content\/uploads\/2021\/04\/F51B6F1D-B5A2-41E6-B76B-C04403AE4FF2.jpeg","jetpack_sharing_enabled":true,"jetpack_likes_enabled":true,"amp_enabled":true,"_links":{"self":[{"href":"https:\/\/encuentroinformativo.com.mx\/index.php?rest_route=\/wp\/v2\/posts\/13009","targetHints":{"allow":["GET"]}}],"collection":[{"href":"https:\/\/encuentroinformativo.com.mx\/index.php?rest_route=\/wp\/v2\/posts"}],"about":[{"href":"https:\/\/encuentroinformativo.com.mx\/index.php?rest_route=\/wp\/v2\/types\/post"}],"author":[{"embeddable":true,"href":"https:\/\/encuentroinformativo.com.mx\/index.php?rest_route=\/wp\/v2\/users\/1"}],"replies":[{"embeddable":true,"href":"https:\/\/encuentroinformativo.com.mx\/index.php?rest_route=%2Fwp%2Fv2%2Fcomments&post=13009"}],"version-history":[{"count":2,"href":"https:\/\/encuentroinformativo.com.mx\/index.php?rest_route=\/wp\/v2\/posts\/13009\/revisions"}],"predecessor-version":[{"id":13013,"href":"https:\/\/encuentroinformativo.com.mx\/index.php?rest_route=\/wp\/v2\/posts\/13009\/revisions\/13013"}],"wp:featuredmedia":[{"embeddable":true,"href":"https:\/\/encuentroinformativo.com.mx\/index.php?rest_route=\/wp\/v2\/media\/13010"}],"wp:attachment":[{"href":"https:\/\/encuentroinformativo.com.mx\/index.php?rest_route=%2Fwp%2Fv2%2Fmedia&parent=13009"}],"wp:term":[{"taxonomy":"category","embeddable":true,"href":"https:\/\/encuentroinformativo.com.mx\/index.php?rest_route=%2Fwp%2Fv2%2Fcategories&post=13009"},{"taxonomy":"post_tag","embeddable":true,"href":"https:\/\/encuentroinformativo.com.mx\/index.php?rest_route=%2Fwp%2Fv2%2Ftags&post=13009"}],"curies":[{"name":"wp","href":"https:\/\/api.w.org\/{rel}","templated":true}]}}