{"id":13014,"date":"2021-04-16T10:39:42","date_gmt":"2021-04-16T15:39:42","guid":{"rendered":"https:\/\/encuentroinformativo.com.mx\/?p=13014"},"modified":"2021-04-16T10:39:46","modified_gmt":"2021-04-16T15:39:46","slug":"toman-docentes-oficinas-de-la-sev","status":"publish","type":"post","link":"https:\/\/encuentroinformativo.com.mx\/?p=13014","title":{"rendered":"Toman docentes oficinas de la SEV"},"content":{"rendered":"\n<p><strong>Dar\u00edo Pale <\/strong><\/p>\n\n\n\n<p>Xalapa, Ver.- Integrantes del Movimiento Estatal de Maestros tomaron las instalaciones de la Secretar\u00eda de Educaci\u00f3n de Veracruz (SEV), debido a los lineamientos que salieron el da 13 de abril para la conclusi\u00f3n del proceso de admisi\u00f3n docente 2020-2021 y quieren que se respeten los anteriores.<\/p>\n\n\n\n<p>Entrevistados durante la toma de las instalaciones solicitaron que se respeten los anteriores criterios que ya estaban establecidos donde se les daba prioridad como egresados de normales p\u00fablicas, UPN, PUV y el CRAM.<\/p>\n\n\n\n<p>Adem\u00e1s se\u00f1alaron que no\u00a0est\u00e1n en contra de la evaluaci\u00f3n est\u00e1n a favor se sienten preparados, vienen de escuelas formadoras de eso no hay problema aseguran los docentes que piden plazas, pero quieren que exigen se respete la lista 1 y 2 donde se da prioridad a estudiantes normalistas y dem\u00e1s escuelas formadores p\u00fablicas en la lista 1.<\/p>\n\n\n\n<p>Por otra parte tambi\u00e9n solicitaron que se sigan asignando plazas ya que en lo que va de este a\u00f1o han entregado muy pocas plazas\u00a0de educaci\u00f3n f\u00edsica han entregado 18, educaci\u00f3n especial 17, y nivel primaria 580 plazas a diferencia de otros a\u00f1os que a estas alturas ya hab\u00edan entregado el nivel de primaria m\u00e1s de mil plazas.<\/p>\n\n\n\n<p>Finalmente se\u00f1alaron que est\u00e1n solicitando un di\u00e1logo con la oficial mayor Ariadna Selene Aguilar Amaya y con el titular de la SEV Zenyazen Escobar ya que de lo contrario no liberaran las instalaciones ya que han atentado con sus derechos laborales de los que ya tienen un nombramiento y est\u00e1n laborando dentro de la instituci\u00f3n y quieren recogerles las plazas y volverla a \u00a0ofertar.<\/p>\n","protected":false},"excerpt":{"rendered":"<p>Dar\u00edo Pale Xalapa, Ver.- Integrantes del Movimiento Estatal de Maestros tomaron las instalaciones de la Secretar\u00eda de Educaci\u00f3n de Veracruz (SEV), debido a los lineamientos que salieron el da 13 de abril para la conclusi\u00f3n del proceso de admisi\u00f3n docente 2020-2021 y quieren que se respeten los anteriores. Entrevistados durante la toma de las instalaciones [&hellip;]<\/p>\n","protected":false},"author":1,"featured_media":13015,"comment_status":"open","ping_status":"open","sticky":false,"template":"","format":"standard","meta":{"_jetpack_memberships_contains_paid_content":false,"footnotes":""},"categories":[3],"tags":[],"class_list":["post-13014","post","type-post","status-publish","format-standard","has-post-thumbnail","hentry","category-xalapa"],"jetpack_featured_media_url":"https:\/\/encuentroinformativo.com.mx\/wp-content\/uploads\/2021\/04\/3C768536-E111-48F8-AE4A-16CBA8DE4895.jpeg","jetpack_sharing_enabled":true,"jetpack_likes_enabled":true,"amp_enabled":true,"_links":{"self":[{"href":"https:\/\/encuentroinformativo.com.mx\/index.php?rest_route=\/wp\/v2\/posts\/13014","targetHints":{"allow":["GET"]}}],"collection":[{"href":"https:\/\/encuentroinformativo.com.mx\/index.php?rest_route=\/wp\/v2\/posts"}],"about":[{"href":"https:\/\/encuentroinformativo.com.mx\/index.php?rest_route=\/wp\/v2\/types\/post"}],"author":[{"embeddable":true,"href":"https:\/\/encuentroinformativo.com.mx\/index.php?rest_route=\/wp\/v2\/users\/1"}],"replies":[{"embeddable":true,"href":"https:\/\/encuentroinformativo.com.mx\/index.php?rest_route=%2Fwp%2Fv2%2Fcomments&post=13014"}],"version-history":[{"count":1,"href":"https:\/\/encuentroinformativo.com.mx\/index.php?rest_route=\/wp\/v2\/posts\/13014\/revisions"}],"predecessor-version":[{"id":13016,"href":"https:\/\/encuentroinformativo.com.mx\/index.php?rest_route=\/wp\/v2\/posts\/13014\/revisions\/13016"}],"wp:featuredmedia":[{"embeddable":true,"href":"https:\/\/encuentroinformativo.com.mx\/index.php?rest_route=\/wp\/v2\/media\/13015"}],"wp:attachment":[{"href":"https:\/\/encuentroinformativo.com.mx\/index.php?rest_route=%2Fwp%2Fv2%2Fmedia&parent=13014"}],"wp:term":[{"taxonomy":"category","embeddable":true,"href":"https:\/\/encuentroinformativo.com.mx\/index.php?rest_route=%2Fwp%2Fv2%2Fcategories&post=13014"},{"taxonomy":"post_tag","embeddable":true,"href":"https:\/\/encuentroinformativo.com.mx\/index.php?rest_route=%2Fwp%2Fv2%2Ftags&post=13014"}],"curies":[{"name":"wp","href":"https:\/\/api.w.org\/{rel}","templated":true}]}}