{"id":13017,"date":"2021-04-16T11:12:10","date_gmt":"2021-04-16T16:12:10","guid":{"rendered":"https:\/\/encuentroinformativo.com.mx\/?p=13017"},"modified":"2021-04-16T11:12:14","modified_gmt":"2021-04-16T16:12:14","slug":"tres-o-tato-vs-mota","status":"publish","type":"post","link":"https:\/\/encuentroinformativo.com.mx\/?p=13017","title":{"rendered":"Tres o Tato vs Mota"},"content":{"rendered":"\n<p><strong>Los Pol\u00edticos<\/strong><\/p>\n\n\n\n<p><strong>Salvador Mu\u00f1oz<\/strong><\/p>\n\n\n\n<p>En el Distrito 8, Xalapa rural, han de perdonar los dem\u00e1s candidatos, pero s\u00f3lo hay cuatro candidatos los que recuerdo por diversas razones y no precisamente porque est\u00e9n en su campa\u00f1a de arriba para abajo: Claudia Tello, por Morena; Miguel Castillo, por Movimiento CIudadano; Tato Vega, por Fuerza por M\u00e9xico; y Adolfo Mota, por Alianza por M\u00e9xico.<\/p>\n\n\n\n<p>La primera, Claudia Tello. La referencia inmediata que se tiene de ella es que ocupa el lugar de Daniela Griego, quien si bien gan\u00f3 la elecci\u00f3n en la contienda pasada, le pas\u00f3 lo que al Am\u00e9rica: vino a perder la curul en la mesa y es por eso que sube su suplente, Tello Espinosa. Por su labor, por su gestor\u00eda, o por alguna declaraci\u00f3n, no es recordada para nada la actual diputada federal que busca la reelecci\u00f3n en el cargo.<\/p>\n\n\n\n<p>Miguel Castillo, ex alcalde de Alto Lucero, empresario, quien si bien, su fuerte no est\u00e1 en la capital, debe agradecer que son s\u00f3lo 19 secciones las que abarcan el distrito en la Atenas. Quiz\u00e1s por eso la \u00fanica lona que se ve la capital veracruzana est\u00e1 en una casa de Las Animas.<\/p>\n\n\n\n<p>Vega Yunes, representante de la Catem en Veracruz as\u00ed como dirigente de Fuerza por M\u00e9xico y a la vez candidato por la curul federal, tiene al igual que el anterior, tablas en una elecci\u00f3n pero Tato como candidato cuando fue postulado por el PAN, al mismo cargo que hoy busca por FxM.<\/p>\n\n\n\n<p>Adolfo Mota Hern\u00e1ndez es el candidato m\u00e1s experimentado entre estos cuatro pues a pesar de su edad, ya ha recorrido la milla como diputado local, federal, adem\u00e1s de subsecretario y secretario de Educaci\u00f3n y hasta presidente de partido.<\/p>\n\n\n\n<p>Algo es seguro, Miguel Castillo tiene que pasear, duro y bonito, m\u00e1s all\u00e1 de Alto Lucero, a su candidata a diputada local, Paquita la del Barrio, porque en los otros 21 municipios que comprenden el distrito 8, s\u00f3lo Jalcomulco, si no me equivoco, es el \u00fanico que gobierna Movimiento Ciudadano, y si no permea, podr\u00edamos hablar desde este momento, en una contienda de dos y no, no es Morena vs la Alianza Va por M\u00e9xico\u2026<\/p>\n\n\n\n<p>Quiz\u00e1s muchos no est\u00e9n de acuerdo, pero podr\u00eda apostarle que si se para alguien en cualquiera de los 22 municipios que comprenden el distrito 8, Xalapa rural, y se le pregunta a cualquier vecino por el nombre de la actual legisladora federal, no la conocen\u2026 pero a\u00fan: \u00bfcon qu\u00e9 cara va a llegar Claudia Tello a pedir de nuevo el voto que nunca pidi\u00f3 porque quien se flet\u00f3 en la anterior ocasi\u00f3n fue Daniela Griego? peor tantito: \u00bfc\u00f3mo decirle a un elector que quiere reelegirse sin que \u201csu trabajo\u201d sea conocido\u2026 ya sin contar su nombre? Y no, disculpen, pero levantar el dedo no debe considerarse un trabajo, porque si as\u00ed lo creen, \u00a1ah\u00ed les va mi dedo levantado a quien piense as\u00ed!<\/p>\n\n\n\n<p>La contienda la veo entre Fuerza por M\u00e9xico y Alianza por M\u00e9xico. Es decir, entre Tato Vega Yunes y Adolfo Mota Hern\u00e1ndez. Explico el porqu\u00e9.<\/p>\n\n\n\n<p>Tato ya compiti\u00f3 por ese distrito cuando milit\u00f3 en el PAN. Lo conoce. En el caso de Adolfo Mota, es la primera vez que contiende por el distrito 8 (antes lo hizo por el 9 y gan\u00f3) pero sabe lo que implica una elecci\u00f3n, andarla, caminarla, estrategia y estructura electoral, que es seguro que Vega Yunes igual entienda y tenga.<\/p>\n\n\n\n<p>El asunto quiz\u00e1s se defina en los ayuntamientos, por supuesto, ya sea con los candidatos a las presidencias municipales as\u00ed como los que van tambi\u00e9n por las curules locales\u2026 \u00a1ah! papel fundamental han de jugar los actuales alcaldes y all\u00ed van a hablar los n\u00fameros\u2026 y a grosso modo podr\u00edamos decir que la Alianza por M\u00e9xico lleva mano cuando entre PRI, PAN, PRD y si me apuran, los que ganaron por Nueva Alianza, suman 16 municipios de los 22. Tampoco hay que dejar de pensar que en una de \u00e9sas, Tato Vega suma lo que Claudia Tello no hace y hablamos de Emiliano Zapata y las 19 secciones de Xalapa\u2026 aunque tambi\u00e9n poco ayuda el trabajo de los alcaldes que all\u00ed gobiernan. La historia apenas comienza\u2026 y hay m\u00e1s que contar\u2026 por lo mientras, de Miguel Castillo depende si hay una pugna de tres o s\u00f3lo entre Tato y Mota&#8230;<\/p>\n\n\n\n<p><a href=\"mailto:smcainito@gmail.com\" target=\"_blank\" rel=\"noreferrer noopener\">smcainito@gmail.com<\/a><\/p>\n","protected":false},"excerpt":{"rendered":"<p>Los Pol\u00edticos Salvador Mu\u00f1oz En el Distrito 8, Xalapa rural, han de perdonar los dem\u00e1s candidatos, pero s\u00f3lo hay cuatro candidatos los que recuerdo por diversas razones y no precisamente porque est\u00e9n en su campa\u00f1a de arriba para abajo: Claudia Tello, por Morena; Miguel Castillo, por Movimiento CIudadano; Tato Vega, por Fuerza por M\u00e9xico; y [&hellip;]<\/p>\n","protected":false},"author":1,"featured_media":70,"comment_status":"open","ping_status":"open","sticky":false,"template":"","format":"standard","meta":{"_jetpack_memberships_contains_paid_content":false,"footnotes":""},"categories":[11],"tags":[],"class_list":["post-13017","post","type-post","status-publish","format-standard","has-post-thumbnail","hentry","category-opinion"],"jetpack_featured_media_url":"https:\/\/encuentroinformativo.com.mx\/wp-content\/uploads\/2020\/02\/opinion-invitado.jpg","jetpack_sharing_enabled":true,"jetpack_likes_enabled":true,"amp_enabled":true,"_links":{"self":[{"href":"https:\/\/encuentroinformativo.com.mx\/index.php?rest_route=\/wp\/v2\/posts\/13017","targetHints":{"allow":["GET"]}}],"collection":[{"href":"https:\/\/encuentroinformativo.com.mx\/index.php?rest_route=\/wp\/v2\/posts"}],"about":[{"href":"https:\/\/encuentroinformativo.com.mx\/index.php?rest_route=\/wp\/v2\/types\/post"}],"author":[{"embeddable":true,"href":"https:\/\/encuentroinformativo.com.mx\/index.php?rest_route=\/wp\/v2\/users\/1"}],"replies":[{"embeddable":true,"href":"https:\/\/encuentroinformativo.com.mx\/index.php?rest_route=%2Fwp%2Fv2%2Fcomments&post=13017"}],"version-history":[{"count":1,"href":"https:\/\/encuentroinformativo.com.mx\/index.php?rest_route=\/wp\/v2\/posts\/13017\/revisions"}],"predecessor-version":[{"id":13018,"href":"https:\/\/encuentroinformativo.com.mx\/index.php?rest_route=\/wp\/v2\/posts\/13017\/revisions\/13018"}],"wp:featuredmedia":[{"embeddable":true,"href":"https:\/\/encuentroinformativo.com.mx\/index.php?rest_route=\/wp\/v2\/media\/70"}],"wp:attachment":[{"href":"https:\/\/encuentroinformativo.com.mx\/index.php?rest_route=%2Fwp%2Fv2%2Fmedia&parent=13017"}],"wp:term":[{"taxonomy":"category","embeddable":true,"href":"https:\/\/encuentroinformativo.com.mx\/index.php?rest_route=%2Fwp%2Fv2%2Fcategories&post=13017"},{"taxonomy":"post_tag","embeddable":true,"href":"https:\/\/encuentroinformativo.com.mx\/index.php?rest_route=%2Fwp%2Fv2%2Ftags&post=13017"}],"curies":[{"name":"wp","href":"https:\/\/api.w.org\/{rel}","templated":true}]}}