{"id":13022,"date":"2021-04-16T14:39:45","date_gmt":"2021-04-16T19:39:45","guid":{"rendered":"https:\/\/encuentroinformativo.com.mx\/?p=13022"},"modified":"2021-04-16T14:39:49","modified_gmt":"2021-04-16T19:39:49","slug":"por-definir-situacion-de-magistrada-sofia-martinez","status":"publish","type":"post","link":"https:\/\/encuentroinformativo.com.mx\/?p=13022","title":{"rendered":"Por definir situaci\u00f3n de magistrada Sof\u00eda Mart\u00ednez"},"content":{"rendered":"\n<p><strong>Dar\u00edo Pale<\/strong><\/p>\n\n\n\n<p>Xalapa, Ver.- Este viernes se decide su situaci\u00f3n de la magistrada Sof\u00eda Mart\u00ednez ya que se\u00a0erige el jurado de sentencia,\u00a0para votar el juicio pol\u00edtico en su contra.<\/p>\n\n\n\n<p>Lo anterior se debe a que el jurado de sentencia emiti\u00f3 su fallo en la Sala Constitucional, por lo que ahora tendr\u00e1 que dar cuenta al Pleno por medio de la Secretar\u00eda de Acuerdos respecto de este asunto, por lo que se llevar\u00eda a cabo la destituci\u00f3n de la togada y con ello enfrente las acusaciones en su contra.<\/p>\n\n\n\n<p>En la sesi\u00f3n podr\u00eda estar presente o no la exmagistrada presidenta de dicha soberan\u00eda o su representante legal, toda vez que tiene derecho de audiencia, de\u00a0manera que el Tribunal Superior de Justicia decidir\u00e1 el futuro de la togada.<\/p>\n\n\n\n<p>Cabe recordar que el pasado 18 de marzo el pleno de diputados del Congreso de Veracruz, constituido en jurado de ocasi\u00f3n, aprob\u00f3 someter a juicio pol\u00edtico a la magistrada, por lo que qued\u00f3 a disposici\u00f3n del Tribunal Superior de Justicia y este d\u00eda sus compa\u00f1eros habr\u00e1n de juzgarla y, en caso confirmar la acusaci\u00f3n del Congreso del Estado.<\/p>\n\n\n\n<p>El jurado de sentencia decidir\u00e1 si ser\u00e1 destituida del cargo e inhabilitada para desempe\u00f1ar cualquier empleo, cargo o comisi\u00f3n por un periodo de uno hasta diez a\u00f1os atendiendo la gravedad de la infracci\u00f3n.<\/p>\n\n\n\n<p>Finalmente en el caso de que la resoluci\u00f3n sea absolutoria o no se obtiene la mayor\u00eda calificada, se denegar\u00e1 la declaraci\u00f3n de inhabilitaci\u00f3n o destituci\u00f3n.<\/p>\n","protected":false},"excerpt":{"rendered":"<p>Dar\u00edo Pale Xalapa, Ver.- Este viernes se decide su situaci\u00f3n de la magistrada Sof\u00eda Mart\u00ednez ya que se\u00a0erige el jurado de sentencia,\u00a0para votar el juicio pol\u00edtico en su contra. Lo anterior se debe a que el jurado de sentencia emiti\u00f3 su fallo en la Sala Constitucional, por lo que ahora tendr\u00e1 que dar cuenta al [&hellip;]<\/p>\n","protected":false},"author":1,"featured_media":5780,"comment_status":"open","ping_status":"open","sticky":false,"template":"","format":"standard","meta":{"_jetpack_memberships_contains_paid_content":false,"footnotes":""},"categories":[2],"tags":[],"class_list":["post-13022","post","type-post","status-publish","format-standard","has-post-thumbnail","hentry","category-estado"],"jetpack_featured_media_url":"https:\/\/encuentroinformativo.com.mx\/wp-content\/uploads\/2020\/09\/B7A8038C-1CF3-415D-AB13-46E7B20C883C.jpeg","jetpack_sharing_enabled":true,"jetpack_likes_enabled":true,"amp_enabled":true,"_links":{"self":[{"href":"https:\/\/encuentroinformativo.com.mx\/index.php?rest_route=\/wp\/v2\/posts\/13022","targetHints":{"allow":["GET"]}}],"collection":[{"href":"https:\/\/encuentroinformativo.com.mx\/index.php?rest_route=\/wp\/v2\/posts"}],"about":[{"href":"https:\/\/encuentroinformativo.com.mx\/index.php?rest_route=\/wp\/v2\/types\/post"}],"author":[{"embeddable":true,"href":"https:\/\/encuentroinformativo.com.mx\/index.php?rest_route=\/wp\/v2\/users\/1"}],"replies":[{"embeddable":true,"href":"https:\/\/encuentroinformativo.com.mx\/index.php?rest_route=%2Fwp%2Fv2%2Fcomments&post=13022"}],"version-history":[{"count":1,"href":"https:\/\/encuentroinformativo.com.mx\/index.php?rest_route=\/wp\/v2\/posts\/13022\/revisions"}],"predecessor-version":[{"id":13023,"href":"https:\/\/encuentroinformativo.com.mx\/index.php?rest_route=\/wp\/v2\/posts\/13022\/revisions\/13023"}],"wp:featuredmedia":[{"embeddable":true,"href":"https:\/\/encuentroinformativo.com.mx\/index.php?rest_route=\/wp\/v2\/media\/5780"}],"wp:attachment":[{"href":"https:\/\/encuentroinformativo.com.mx\/index.php?rest_route=%2Fwp%2Fv2%2Fmedia&parent=13022"}],"wp:term":[{"taxonomy":"category","embeddable":true,"href":"https:\/\/encuentroinformativo.com.mx\/index.php?rest_route=%2Fwp%2Fv2%2Fcategories&post=13022"},{"taxonomy":"post_tag","embeddable":true,"href":"https:\/\/encuentroinformativo.com.mx\/index.php?rest_route=%2Fwp%2Fv2%2Ftags&post=13022"}],"curies":[{"name":"wp","href":"https:\/\/api.w.org\/{rel}","templated":true}]}}