{"id":13027,"date":"2021-04-16T11:52:44","date_gmt":"2021-04-16T16:52:44","guid":{"rendered":"https:\/\/encuentroinformativo.com.mx\/?p=13027"},"modified":"2021-04-16T21:09:06","modified_gmt":"2021-04-17T02:09:06","slug":"estiaje-afecto-laguna-de-el-farallon-conagua","status":"publish","type":"post","link":"https:\/\/encuentroinformativo.com.mx\/?p=13027","title":{"rendered":"Estiaje afect\u00f3 laguna de El Farall\u00f3n: Conagua"},"content":{"rendered":"\n<p><strong>Juan Arcos<\/strong><\/p>\n\n\n\n<p>Xalapa, Ver.- La laguna de El Farall\u00f3n, municipio de Actopan, presenta un bajo nivel del agua por la falta de lluvias desde principios de enero pasado.<\/p>\n\n\n\n<p>As\u00ed lo dio a conocer Jessica Iveth Luna Lagunes, jefa de Hidrometeorolog\u00eda del Organismo de Cuenca Golfo Centro de la Comisi\u00f3n Nacional del Agua (Conagua), quien a\u00f1adi\u00f3 que este cuerpo de agua es regulado por el gobierno de Veracruz y no por la Federaci\u00f3n.<\/p>\n\n\n\n<p>\u201cEn particular la Laguna de El Farall\u00f3n, que es regulada por el estado, ha presentado una dominaci\u00f3n de lluvias desde inicios de enero de este 2021 y eso ha favorecido que se encuentre en niveles bajos\u201d.<\/p>\n\n\n\n<p>La meteor\u00f3loga record\u00f3 que los meses de abril y mayo son los m\u00e1s cr\u00edticos para la entidad durante esta temporada de estiaje.<\/p>\n\n\n\n<p>\u201cEl estiaje, recordemos, es la disminuci\u00f3n de los niveles de los r\u00edos, presas, lagos, arroyos y lagunas, esto debido al d\u00e9ficit de precipitaci\u00f3n que se presenta durante estos meses\u201d.<\/p>\n\n\n\n<p>La Comisi\u00f3n Nacional del Agua y el Servicio Meteorol\u00f3gico Nacional dan seguimiento a los 212 municipios de Veracruz, a trav\u00e9s del monitor de sequ\u00eda.<\/p>\n\n\n\n<p>De acuerdo con la \u00faltima actualizaci\u00f3n, del pasado 31 de marzo, hay 32 municipios con alg\u00fan nivel de sequ\u00eda en el estado, de los cuales 25 presentan sequ\u00eda moderada y siete severa.<\/p>\n\n\n\n<p>\u201cPosiblemente para la siguiente semana vamos a estar actualizando ese monitor y es muy poco probable que van aumentar estos municipios con sequ\u00eda, debido al gran d\u00e9ficit de lluvias que se ha presentado durante este mes de abril\u201d.<\/p>\n\n\n\n<p>Finalmente, Luna Lagunes record\u00f3 que las zonas norte y sur del estado de Veracruz son las m\u00e1s cr\u00edticas durante esta temporada de estiaje.<\/p>\n","protected":false},"excerpt":{"rendered":"<p>Juan Arcos Xalapa, Ver.- La laguna de El Farall\u00f3n, municipio de Actopan, presenta un bajo nivel del agua por la falta de lluvias desde principios de enero pasado. As\u00ed lo dio a conocer Jessica Iveth Luna Lagunes, jefa de Hidrometeorolog\u00eda del Organismo de Cuenca Golfo Centro de la Comisi\u00f3n Nacional del Agua (Conagua), quien a\u00f1adi\u00f3 [&hellip;]<\/p>\n","protected":false},"author":1,"featured_media":13028,"comment_status":"open","ping_status":"open","sticky":false,"template":"","format":"standard","meta":{"_jetpack_memberships_contains_paid_content":false,"footnotes":""},"categories":[3],"tags":[],"class_list":["post-13027","post","type-post","status-publish","format-standard","has-post-thumbnail","hentry","category-xalapa"],"jetpack_featured_media_url":"https:\/\/encuentroinformativo.com.mx\/wp-content\/uploads\/2021\/04\/4A2AEEC3-2505-4F8C-88A2-D6A1D03EE12E.jpeg","jetpack_sharing_enabled":true,"jetpack_likes_enabled":true,"amp_enabled":true,"_links":{"self":[{"href":"https:\/\/encuentroinformativo.com.mx\/index.php?rest_route=\/wp\/v2\/posts\/13027","targetHints":{"allow":["GET"]}}],"collection":[{"href":"https:\/\/encuentroinformativo.com.mx\/index.php?rest_route=\/wp\/v2\/posts"}],"about":[{"href":"https:\/\/encuentroinformativo.com.mx\/index.php?rest_route=\/wp\/v2\/types\/post"}],"author":[{"embeddable":true,"href":"https:\/\/encuentroinformativo.com.mx\/index.php?rest_route=\/wp\/v2\/users\/1"}],"replies":[{"embeddable":true,"href":"https:\/\/encuentroinformativo.com.mx\/index.php?rest_route=%2Fwp%2Fv2%2Fcomments&post=13027"}],"version-history":[{"count":1,"href":"https:\/\/encuentroinformativo.com.mx\/index.php?rest_route=\/wp\/v2\/posts\/13027\/revisions"}],"predecessor-version":[{"id":13029,"href":"https:\/\/encuentroinformativo.com.mx\/index.php?rest_route=\/wp\/v2\/posts\/13027\/revisions\/13029"}],"wp:featuredmedia":[{"embeddable":true,"href":"https:\/\/encuentroinformativo.com.mx\/index.php?rest_route=\/wp\/v2\/media\/13028"}],"wp:attachment":[{"href":"https:\/\/encuentroinformativo.com.mx\/index.php?rest_route=%2Fwp%2Fv2%2Fmedia&parent=13027"}],"wp:term":[{"taxonomy":"category","embeddable":true,"href":"https:\/\/encuentroinformativo.com.mx\/index.php?rest_route=%2Fwp%2Fv2%2Fcategories&post=13027"},{"taxonomy":"post_tag","embeddable":true,"href":"https:\/\/encuentroinformativo.com.mx\/index.php?rest_route=%2Fwp%2Fv2%2Ftags&post=13027"}],"curies":[{"name":"wp","href":"https:\/\/api.w.org\/{rel}","templated":true}]}}