{"id":13030,"date":"2021-04-16T21:14:44","date_gmt":"2021-04-17T02:14:44","guid":{"rendered":"https:\/\/encuentroinformativo.com.mx\/?p=13030"},"modified":"2021-04-16T21:14:48","modified_gmt":"2021-04-17T02:14:48","slug":"proximo-martes-iniciara-vacunacion-para-docentes-en-veracruz","status":"publish","type":"post","link":"https:\/\/encuentroinformativo.com.mx\/?p=13030","title":{"rendered":"Pr\u00f3ximo martes iniciar\u00e1 vacunaci\u00f3n para docentes en Veracruz"},"content":{"rendered":"\n<p><strong>Juan Arcos <\/strong><\/p>\n\n\n\n<p>Xalapa, Ver.- El gobernador Cuitl\u00e1huac Garc\u00eda Jim\u00e9nez anunci\u00f3 que el proceso de vacunaci\u00f3n para personal educativo iniciar\u00e1 el pr\u00f3ximo martes 20 de abril en el estado de Veracruz.<\/p>\n\n\n\n<p>De acuerdo con las indicaciones de los Comit\u00e9s T\u00e9cnicos de Vacunaci\u00f3n federal y estatal, fueron establecidas cinco sedes: Xalapa (Zona Universitaria), Boca del R\u00edo (World Trade Center), Tuxpan (Expo Ganadera), Orizaba (Foro Orizaba) y Coatzacoalcos (Instituto Tecnol\u00f3gico Superior).<\/p>\n\n\n\n<p>El mandatario estatal detall\u00f3 que es mportante que todo el personal complete el registro en la plataforma&nbsp;<a href=\"http:\/\/vacunadocentes.sev.gob.mx\/\" target=\"_blank\" rel=\"noreferrer noopener\">vacunadocentes.sev.gob.mx<\/a>, donde podr\u00e1n darse de alta con la CURP o el RFC.&nbsp;<\/p>\n\n\n\n<p>Cabe destacar que la aplicaci\u00f3n de la dosis ser\u00e1 en orden alfab\u00e9tico, tomando en cuenta la primera letra del primer apellido, para quedar de la siguiente manera:<\/p>\n\n\n\n<p>Martes 20: De la A a la E.Mi\u00e9rcoles 21: De la F a la L.Jueves 22: De la M a la R.Viernes 23: de la S a la Z.S\u00e1bado 24: Quienes no pudieron asistir en la fecha correspondiente.<\/p>\n\n\n\n<p>En el caso de Xalapa, donde se espera la mayor afluencia, estar\u00e1n disponibles tres subsedes en la zona universitaria, que son el Nido Halc\u00f3n, el Gimnasio Universitario y la Facultad de Ingenier\u00eda, con igual distribuci\u00f3n de letras:<\/p>\n\n\n\n<p>Martes 20: Nido Halc\u00f3n (A y B), Gimnasio (C y D), Ingenier\u00eda (E).Mi\u00e9rcoles 21: Nido Halc\u00f3n (F y G), Gimnasio (H, I y J), Ingenier\u00eda (K y L).Jueves 22: Nido Halc\u00f3n (M y N), Gimnasio (O y P), Ingenier\u00eda (Q y R).Viernes 23: Nido Halc\u00f3n (S y T), Gimnasio (U, V y W), Ingenier\u00eda (X, Y y Z).S\u00e1bado 24: Quienes no pudieron asistir en la fecha correspondiente.<\/p>\n\n\n\n<p>\u201cVamos a coordinarnos, a buscar la manera de sacar este gran compromiso por la educaci\u00f3n de las ni\u00f1as, ni\u00f1os y j\u00f3venes\u201d, expres\u00f3 el Gobernador de Veracruz.<\/p>\n\n\n\n<p>Finalmente, Garc\u00eda Jim\u00e9nez solicit\u00f3 a las y los maestros que atiendan las indicaciones en las p\u00e1ginas oficiales\u00a0<a rel=\"noreferrer noopener\" href=\"http:\/\/sep.gob.mx\/\" target=\"_blank\">sep.gob.mx<\/a>,\u00a0<a rel=\"noreferrer noopener\" href=\"http:\/\/sev.gob.mx\/\" target=\"_blank\">sev.gob.mx<\/a>\u00a0y\u00a0<a rel=\"noreferrer noopener\" href=\"http:\/\/coronavirus.veracruz.gob.mx\/\" target=\"_blank\">coronavirus.veracruz.gob.mx<\/a>.<\/p>\n","protected":false},"excerpt":{"rendered":"<p>Juan Arcos Xalapa, Ver.- El gobernador Cuitl\u00e1huac Garc\u00eda Jim\u00e9nez anunci\u00f3 que el proceso de vacunaci\u00f3n para personal educativo iniciar\u00e1 el pr\u00f3ximo martes 20 de abril en el estado de Veracruz. De acuerdo con las indicaciones de los Comit\u00e9s T\u00e9cnicos de Vacunaci\u00f3n federal y estatal, fueron establecidas cinco sedes: Xalapa (Zona Universitaria), Boca del R\u00edo (World [&hellip;]<\/p>\n","protected":false},"author":1,"featured_media":13031,"comment_status":"open","ping_status":"open","sticky":false,"template":"","format":"standard","meta":{"_jetpack_memberships_contains_paid_content":false,"footnotes":""},"categories":[9],"tags":[],"class_list":["post-13030","post","type-post","status-publish","format-standard","has-post-thumbnail","hentry","category-salud"],"jetpack_featured_media_url":"https:\/\/encuentroinformativo.com.mx\/wp-content\/uploads\/2021\/04\/372CD5CE-4B89-4693-A416-8D256029E097.jpeg","jetpack_sharing_enabled":true,"jetpack_likes_enabled":true,"amp_enabled":true,"_links":{"self":[{"href":"https:\/\/encuentroinformativo.com.mx\/index.php?rest_route=\/wp\/v2\/posts\/13030","targetHints":{"allow":["GET"]}}],"collection":[{"href":"https:\/\/encuentroinformativo.com.mx\/index.php?rest_route=\/wp\/v2\/posts"}],"about":[{"href":"https:\/\/encuentroinformativo.com.mx\/index.php?rest_route=\/wp\/v2\/types\/post"}],"author":[{"embeddable":true,"href":"https:\/\/encuentroinformativo.com.mx\/index.php?rest_route=\/wp\/v2\/users\/1"}],"replies":[{"embeddable":true,"href":"https:\/\/encuentroinformativo.com.mx\/index.php?rest_route=%2Fwp%2Fv2%2Fcomments&post=13030"}],"version-history":[{"count":1,"href":"https:\/\/encuentroinformativo.com.mx\/index.php?rest_route=\/wp\/v2\/posts\/13030\/revisions"}],"predecessor-version":[{"id":13032,"href":"https:\/\/encuentroinformativo.com.mx\/index.php?rest_route=\/wp\/v2\/posts\/13030\/revisions\/13032"}],"wp:featuredmedia":[{"embeddable":true,"href":"https:\/\/encuentroinformativo.com.mx\/index.php?rest_route=\/wp\/v2\/media\/13031"}],"wp:attachment":[{"href":"https:\/\/encuentroinformativo.com.mx\/index.php?rest_route=%2Fwp%2Fv2%2Fmedia&parent=13030"}],"wp:term":[{"taxonomy":"category","embeddable":true,"href":"https:\/\/encuentroinformativo.com.mx\/index.php?rest_route=%2Fwp%2Fv2%2Fcategories&post=13030"},{"taxonomy":"post_tag","embeddable":true,"href":"https:\/\/encuentroinformativo.com.mx\/index.php?rest_route=%2Fwp%2Fv2%2Ftags&post=13030"}],"curies":[{"name":"wp","href":"https:\/\/api.w.org\/{rel}","templated":true}]}}