{"id":13036,"date":"2021-04-17T13:02:05","date_gmt":"2021-04-17T18:02:05","guid":{"rendered":"https:\/\/encuentroinformativo.com.mx\/?p=13036"},"modified":"2021-04-17T13:02:08","modified_gmt":"2021-04-17T18:02:08","slug":"se-sumara-juan-vergel-a-candidatos-de-morena","status":"publish","type":"post","link":"https:\/\/encuentroinformativo.com.mx\/?p=13036","title":{"rendered":"Se sumar\u00e1 Juan Vergel a candidatos de Morena"},"content":{"rendered":"\n<p><strong>Dar\u00edo Pale <\/strong><\/p>\n\n\n\n<p>Xalapa, Ver.- Pese a las diferentes manifestaciones de los militantes de Morena por la designaci\u00f3n del candidato a la alcald\u00eda de Xalapa, la noche de este viernes el\u00a0senador con licencia, Ricardo Ahued Bardahuil aventaj\u00f3 a la diputada Rosalinda Galindo Silva y al exdirector de Gobernaci\u00f3n del Ayuntamiento de Xalapa, Juan Vergel Pacheco en la encuesta hecha por la Comisi\u00f3n de Elecciones del partido Movimiento de Regeneraci\u00f3n Nacional para saber qui\u00e9n de los aspirantes a la presidencia municipal de Xalapa era m\u00e1s conocido.<\/p>\n\n\n\n<p>En entrevista telef\u00f3nica luego de que se dieran a conocer los resultados de la encuesta con la que se definir\u00eda la candidatura, Juan Vergel manifest\u00f3 que no cuestiona los resultados y que se sumar\u00e1 junto con sus simpatizantes al apoyo a todos los candidatos de Morena.<\/p>\n\n\n\n<p>&#8220;No nos es suficiente el resultado para encabezar la candidatura. No nos queda otra m\u00e1s que seguir en el proyecto. Es lo que voy a hacer. Sumarme al proyecto alternativo de naci\u00f3n que se construye todos los d\u00edas desde distintos frentes. Esa es la actitud que voy a asumir&#8221;, se\u00f1al\u00f3.<\/p>\n\n\n\n<p>Destac\u00f3 tambi\u00e9n que Morena aventaja a otros partidos en esta capital de acuerdo a esta misma encuesta,\u00a0&#8220;Morena tiene aceptaci\u00f3n m\u00e1s all\u00e1 de los partidos y las personas, m\u00e1s all\u00e1 de la trayectoria la gente est\u00e1 confiando mucho en el Presidente de la Rep\u00fablica&#8221;.<\/p>\n\n\n\n<p>Finalmente cabe mencionar que dicho estudio estuvo dirigido a la poblaci\u00f3n en general de esta capital y \u00fanicamente evalu\u00f3 la popularidad de los aspirantes con la pregunta \u00bfa qui\u00e9n conoces?.<\/p>\n","protected":false},"excerpt":{"rendered":"<p>Dar\u00edo Pale Xalapa, Ver.- Pese a las diferentes manifestaciones de los militantes de Morena por la designaci\u00f3n del candidato a la alcald\u00eda de Xalapa, la noche de este viernes el\u00a0senador con licencia, Ricardo Ahued Bardahuil aventaj\u00f3 a la diputada Rosalinda Galindo Silva y al exdirector de Gobernaci\u00f3n del Ayuntamiento de Xalapa, Juan Vergel Pacheco en [&hellip;]<\/p>\n","protected":false},"author":1,"featured_media":1862,"comment_status":"open","ping_status":"open","sticky":false,"template":"","format":"standard","meta":{"_jetpack_memberships_contains_paid_content":false,"footnotes":""},"categories":[3],"tags":[],"class_list":["post-13036","post","type-post","status-publish","format-standard","has-post-thumbnail","hentry","category-xalapa"],"jetpack_featured_media_url":"https:\/\/encuentroinformativo.com.mx\/wp-content\/uploads\/2020\/04\/81D8EE65-B666-4A36-A337-9CF619EA39E5.jpeg","jetpack_sharing_enabled":true,"jetpack_likes_enabled":true,"amp_enabled":true,"_links":{"self":[{"href":"https:\/\/encuentroinformativo.com.mx\/index.php?rest_route=\/wp\/v2\/posts\/13036","targetHints":{"allow":["GET"]}}],"collection":[{"href":"https:\/\/encuentroinformativo.com.mx\/index.php?rest_route=\/wp\/v2\/posts"}],"about":[{"href":"https:\/\/encuentroinformativo.com.mx\/index.php?rest_route=\/wp\/v2\/types\/post"}],"author":[{"embeddable":true,"href":"https:\/\/encuentroinformativo.com.mx\/index.php?rest_route=\/wp\/v2\/users\/1"}],"replies":[{"embeddable":true,"href":"https:\/\/encuentroinformativo.com.mx\/index.php?rest_route=%2Fwp%2Fv2%2Fcomments&post=13036"}],"version-history":[{"count":1,"href":"https:\/\/encuentroinformativo.com.mx\/index.php?rest_route=\/wp\/v2\/posts\/13036\/revisions"}],"predecessor-version":[{"id":13037,"href":"https:\/\/encuentroinformativo.com.mx\/index.php?rest_route=\/wp\/v2\/posts\/13036\/revisions\/13037"}],"wp:featuredmedia":[{"embeddable":true,"href":"https:\/\/encuentroinformativo.com.mx\/index.php?rest_route=\/wp\/v2\/media\/1862"}],"wp:attachment":[{"href":"https:\/\/encuentroinformativo.com.mx\/index.php?rest_route=%2Fwp%2Fv2%2Fmedia&parent=13036"}],"wp:term":[{"taxonomy":"category","embeddable":true,"href":"https:\/\/encuentroinformativo.com.mx\/index.php?rest_route=%2Fwp%2Fv2%2Fcategories&post=13036"},{"taxonomy":"post_tag","embeddable":true,"href":"https:\/\/encuentroinformativo.com.mx\/index.php?rest_route=%2Fwp%2Fv2%2Ftags&post=13036"}],"curies":[{"name":"wp","href":"https:\/\/api.w.org\/{rel}","templated":true}]}}