{"id":13047,"date":"2021-04-18T12:22:41","date_gmt":"2021-04-18T17:22:41","guid":{"rendered":"https:\/\/encuentroinformativo.com.mx\/?p=13047"},"modified":"2021-04-18T12:22:45","modified_gmt":"2021-04-18T17:22:45","slug":"precandidato-de-morena-acusa-amenazas-y-actos-anticipados-en-tierra-blanca","status":"publish","type":"post","link":"https:\/\/encuentroinformativo.com.mx\/?p=13047","title":{"rendered":"Precandidato de Morena acusa amenazas y actos anticipados en Tierra Blanca"},"content":{"rendered":"\n<p><strong>Alejandro \u00c1vila<\/strong><\/p>\n\n\n\n<p>Tierra Blanca, Ver.- Jorge Luis Torres Arano, m\u00e9dico de profesi\u00f3n y aspirante a la candidatura para la presidencia municipal de Tierra Blanca por MORENA, denunci\u00f3 amenazas de muerte y actos anticipados de campa\u00f1a de sus rivales internos.<\/p>\n\n\n\n<p>Detall\u00f3 que si decidi\u00f3 en su momento registrarse como pre candidato en MORENA, se debi\u00f3 a que supon\u00eda hab\u00eda una democracia plena al interior de este instituto pol\u00edtico, pero al paso de los d\u00edas, ha notado que esto no existe entre los liderazgos morenistas.<\/p>\n\n\n\n<p>&#8220;Desafortunadamente hay muchos intereses de por medio y se han dado cosas que no se esperaban (\u2026) ha habido campa\u00f1a anticipada, como el tal Alvaro G\u00f3mez Flores, ese anda as\u00ed desbaratado haciendo pre campa\u00f1a, piensa que con eso la va a hacer, s\u00ed est\u00e1 bien, pero no en tiempo que no debe de ser&#8221;, asest\u00f3 el galeno.<\/p>\n\n\n\n<p>Aclaro que los actos de pre campa\u00f1a, como estipulan los reglamentos de MORENA, estaban permitidos del 1 al 16 de febrero, para sus militantes; pero el pasado 16 de marzo en la comunidad La Esperanza, se llev\u00f3 a cabo un m\u00edtin donde fueron acarreados decenas de militantes, y organizado por los regidores en funciones, Juan Jos\u00e9 Ruiz Hern\u00e1ndez y Alicia Salom\u00f3n P\u00e9rez, quienes apoyan de forma directa y abierta a Alvaro G\u00f3mez Flores.<\/p>\n\n\n\n<p>En dicho evento, se hizo barbaco, bailables y una fiesta que dur\u00f3 varias horas, donde hubo legisladores como invitados de honor.<\/p>\n\n\n\n<p>&#8220;Incluso ah\u00ed con el tal Alvaro, estuvo Arturo Pereda C\u00e1rdenas, aspirante y pre candidato a la presidencia municipal, que se dicen el hijo del pueblo, as\u00ed como diputados locales como es Maril\u00fa Alarc\u00f3n Ricardo, y el otro Javier L\u00f3pez Ortega, vinieron gente de otros ejidos, si van a hacer una reuni\u00f3n informativa, pues debe de ser nada m\u00e1s un peque\u00f1o grupo y a puerta cerrada&#8221;, subray\u00f3.<\/p>\n\n\n\n<p>Las denuncias fueron hechas ante el Organismo P\u00fablico Local Electoral (OPLE); adem\u00e1s se inform\u00f3 de una presunta amenaza de muerte, hecha por Filobonio Gonz\u00e1lez.<\/p>\n\n\n\n<p>&#8220;Todo mundo lo conocemos por el tal Fili, ese Fili es muy pegado al regidor Juan Jos\u00e9 Ruiz Hern\u00e1ndez (\u2026) yo estaba alrededor de unos compa\u00f1eros, que tambi\u00e9n son aspirante unos de ellos, y me amenaz\u00f3 este tipo, con mucha insistencia me marc\u00f3 a mi celular, no le quer\u00eda yo contestar, me dijeron mis amigos &#8216;contestale, y les dije que no, que esta persona anda molestando nom\u00e1s&#8217; (\u2026) al principio me dice, oye que te voy a matar, que te vamos a hacer en cachitos, y te vamos a envolver en una bolsa negra y todo eso&#8221;, relat\u00f3 Torres Arano.<\/p>\n\n\n\n<p>La denuncia por amenazas de muerte fue presentada ante la Fiscal\u00eda General del Estado de Veracruz, sustentada con el audio de la llamada telef\u00f3nica, motivo por el cual, desde hace unos d\u00edas, el m\u00e9dico cuenta con resguardo de personal de la Fuerza Civil.<\/p>\n","protected":false},"excerpt":{"rendered":"<p>Alejandro \u00c1vila Tierra Blanca, Ver.- Jorge Luis Torres Arano, m\u00e9dico de profesi\u00f3n y aspirante a la candidatura para la presidencia municipal de Tierra Blanca por MORENA, denunci\u00f3 amenazas de muerte y actos anticipados de campa\u00f1a de sus rivales internos. Detall\u00f3 que si decidi\u00f3 en su momento registrarse como pre candidato en MORENA, se debi\u00f3 a [&hellip;]<\/p>\n","protected":false},"author":1,"featured_media":13048,"comment_status":"open","ping_status":"open","sticky":false,"template":"","format":"standard","meta":{"_jetpack_memberships_contains_paid_content":false,"footnotes":""},"categories":[2],"tags":[],"class_list":["post-13047","post","type-post","status-publish","format-standard","has-post-thumbnail","hentry","category-estado"],"jetpack_featured_media_url":"https:\/\/encuentroinformativo.com.mx\/wp-content\/uploads\/2021\/04\/27C1BB3D-2406-4931-AD85-49811844B0BD.jpeg","jetpack_sharing_enabled":true,"jetpack_likes_enabled":true,"amp_enabled":true,"_links":{"self":[{"href":"https:\/\/encuentroinformativo.com.mx\/index.php?rest_route=\/wp\/v2\/posts\/13047","targetHints":{"allow":["GET"]}}],"collection":[{"href":"https:\/\/encuentroinformativo.com.mx\/index.php?rest_route=\/wp\/v2\/posts"}],"about":[{"href":"https:\/\/encuentroinformativo.com.mx\/index.php?rest_route=\/wp\/v2\/types\/post"}],"author":[{"embeddable":true,"href":"https:\/\/encuentroinformativo.com.mx\/index.php?rest_route=\/wp\/v2\/users\/1"}],"replies":[{"embeddable":true,"href":"https:\/\/encuentroinformativo.com.mx\/index.php?rest_route=%2Fwp%2Fv2%2Fcomments&post=13047"}],"version-history":[{"count":1,"href":"https:\/\/encuentroinformativo.com.mx\/index.php?rest_route=\/wp\/v2\/posts\/13047\/revisions"}],"predecessor-version":[{"id":13049,"href":"https:\/\/encuentroinformativo.com.mx\/index.php?rest_route=\/wp\/v2\/posts\/13047\/revisions\/13049"}],"wp:featuredmedia":[{"embeddable":true,"href":"https:\/\/encuentroinformativo.com.mx\/index.php?rest_route=\/wp\/v2\/media\/13048"}],"wp:attachment":[{"href":"https:\/\/encuentroinformativo.com.mx\/index.php?rest_route=%2Fwp%2Fv2%2Fmedia&parent=13047"}],"wp:term":[{"taxonomy":"category","embeddable":true,"href":"https:\/\/encuentroinformativo.com.mx\/index.php?rest_route=%2Fwp%2Fv2%2Fcategories&post=13047"},{"taxonomy":"post_tag","embeddable":true,"href":"https:\/\/encuentroinformativo.com.mx\/index.php?rest_route=%2Fwp%2Fv2%2Ftags&post=13047"}],"curies":[{"name":"wp","href":"https:\/\/api.w.org\/{rel}","templated":true}]}}