{"id":13050,"date":"2021-04-18T12:27:17","date_gmt":"2021-04-18T17:27:17","guid":{"rendered":"https:\/\/encuentroinformativo.com.mx\/?p=13050"},"modified":"2021-04-18T12:27:21","modified_gmt":"2021-04-18T17:27:21","slug":"fallece-comunicador-jarocho-victima-de-covid","status":"publish","type":"post","link":"https:\/\/encuentroinformativo.com.mx\/?p=13050","title":{"rendered":"Fallece comunicador jarocho v\u00edctima de COVID"},"content":{"rendered":"\n<p><strong>Alejandro \u00c1vila<\/strong><\/p>\n\n\n\n<p>Veracruz, Ver.- El comunicador, Alejandro Aguirre Flores, apodado de cari\u00f1o por su amigos como &#8220;El Gordo&#8221;, fallecio la madrugada de este s\u00e1bado 18 de abril de COVID-19, pasadas las 2 de la ma\u00f1ana; el reportero de medios impresos y locutor de radio, ten\u00eda cerca de una semana internado en el IMSS de Cuauht\u00e9moc, donde desde hace pocos d\u00edas fue intubado y este d\u00eda perdio la batalla contra el COVID.<\/p>\n\n\n\n<p>Alejandro Aguirre Flores calobor\u00f3 en el periodico El Dictamen como reportero polic\u00edaco, para despu\u00e9s dar el salto a deportes, donde tuvo sus a\u00f1os m\u00e1s destacados dentro del gremio period\u00edstico, aport\u00f3 su talento y trabajo en Grupo FM, donde estuvo participando por muchos a\u00f1os en el programa &#8220;Cancha Caliente&#8221; y &#8220;Superdeportivo&#8221;.<\/p>\n\n\n\n<p>M\u00e1s adelante ser\u00eda corresponsal de la OEM, donde enviar\u00eda su informaci\u00f3n para el Diario de Xalapa y el periodico ESTO, desde hace algunos a\u00f1os conduc\u00eda un programa deportivo en Radio Formula Veracruz, de nombre &#8220;La Gazeta Deportiva&#8221;, y era el titular de la agencia de informaci\u00f3n AFA Comunicaci\u00f3n, de su propiedad.<\/p>\n\n\n\n<p>Ferviente aficionado al Am\u00e9rica, se gan\u00f3 el repudio de algunos en redes sociales y la admiraci\u00f3n de otros por sus analisis objetivos, tambi\u00e9n fanatico del rock, en especial del grupo Metallica; descanse en paz, Alejandro Aguirre.<\/p>\n","protected":false},"excerpt":{"rendered":"<p>Alejandro \u00c1vila Veracruz, Ver.- El comunicador, Alejandro Aguirre Flores, apodado de cari\u00f1o por su amigos como &#8220;El Gordo&#8221;, fallecio la madrugada de este s\u00e1bado 18 de abril de COVID-19, pasadas las 2 de la ma\u00f1ana; el reportero de medios impresos y locutor de radio, ten\u00eda cerca de una semana internado en el IMSS de Cuauht\u00e9moc, [&hellip;]<\/p>\n","protected":false},"author":1,"featured_media":13051,"comment_status":"open","ping_status":"open","sticky":false,"template":"","format":"standard","meta":{"_jetpack_memberships_contains_paid_content":false,"footnotes":""},"categories":[2],"tags":[],"class_list":["post-13050","post","type-post","status-publish","format-standard","has-post-thumbnail","hentry","category-estado"],"jetpack_featured_media_url":"https:\/\/encuentroinformativo.com.mx\/wp-content\/uploads\/2021\/04\/CA32C1F7-B07C-43D0-96C4-BBEDD00ABAD7.jpeg","jetpack_sharing_enabled":true,"jetpack_likes_enabled":true,"amp_enabled":true,"_links":{"self":[{"href":"https:\/\/encuentroinformativo.com.mx\/index.php?rest_route=\/wp\/v2\/posts\/13050","targetHints":{"allow":["GET"]}}],"collection":[{"href":"https:\/\/encuentroinformativo.com.mx\/index.php?rest_route=\/wp\/v2\/posts"}],"about":[{"href":"https:\/\/encuentroinformativo.com.mx\/index.php?rest_route=\/wp\/v2\/types\/post"}],"author":[{"embeddable":true,"href":"https:\/\/encuentroinformativo.com.mx\/index.php?rest_route=\/wp\/v2\/users\/1"}],"replies":[{"embeddable":true,"href":"https:\/\/encuentroinformativo.com.mx\/index.php?rest_route=%2Fwp%2Fv2%2Fcomments&post=13050"}],"version-history":[{"count":1,"href":"https:\/\/encuentroinformativo.com.mx\/index.php?rest_route=\/wp\/v2\/posts\/13050\/revisions"}],"predecessor-version":[{"id":13052,"href":"https:\/\/encuentroinformativo.com.mx\/index.php?rest_route=\/wp\/v2\/posts\/13050\/revisions\/13052"}],"wp:featuredmedia":[{"embeddable":true,"href":"https:\/\/encuentroinformativo.com.mx\/index.php?rest_route=\/wp\/v2\/media\/13051"}],"wp:attachment":[{"href":"https:\/\/encuentroinformativo.com.mx\/index.php?rest_route=%2Fwp%2Fv2%2Fmedia&parent=13050"}],"wp:term":[{"taxonomy":"category","embeddable":true,"href":"https:\/\/encuentroinformativo.com.mx\/index.php?rest_route=%2Fwp%2Fv2%2Fcategories&post=13050"},{"taxonomy":"post_tag","embeddable":true,"href":"https:\/\/encuentroinformativo.com.mx\/index.php?rest_route=%2Fwp%2Fv2%2Ftags&post=13050"}],"curies":[{"name":"wp","href":"https:\/\/api.w.org\/{rel}","templated":true}]}}