{"id":13056,"date":"2021-04-18T16:57:05","date_gmt":"2021-04-18T21:57:05","guid":{"rendered":"https:\/\/encuentroinformativo.com.mx\/?p=13056"},"modified":"2021-04-18T16:57:09","modified_gmt":"2021-04-18T21:57:09","slug":"por-sequia-se-registra-mortandad-de-aves-en-el-farallon","status":"publish","type":"post","link":"https:\/\/encuentroinformativo.com.mx\/?p=13056","title":{"rendered":"Por sequ\u00eda, se registra mortandad de aves en El Farall\u00f3n"},"content":{"rendered":"\n<p><strong>Juan Arcos<\/strong> <\/p>\n\n\n\n<p>Xalapa, Ver.- Las aves quedan atrapadas en el fango cuando buscan alimento y mueren ante la sequ\u00eda hist\u00f3rica que registra la laguna de El Farall\u00f3n en el municipio de Actopan. <\/p>\n\n\n\n<p>Los cuerpos inertes de dos pel\u00edcanos se observan entre las grietas que se formaron por la escasez de agua en el mencionado lugar, situado a un costado de la carretera 180, mejor conocida como Costera del Golfo.<\/p>\n\n\n\n<p>La preocupaci\u00f3n de pescadores y pobladores de esa regi\u00f3n es notoria, pues el cuerpo de agua podr\u00eda desaparecer totalmente en los pr\u00f3ximos meses, ante la temporada de estiaje.<\/p>\n\n\n\n<p>Se trata de un paso obligatorio de aves migratorias, donde a\u00fan se observan patos negros, gaviotas y algunos pel\u00edcanos, pero los cocodrilos desaparecieron por la grave afectaci\u00f3n a su h\u00e1bitat.<\/p>\n\n\n\n<p>La pesca tambi\u00e9n muri\u00f3 desde hace un a\u00f1o por la misma situaci\u00f3n en la laguna que se encuentra cerca de la Central Nucleoel\u00e9ctrica de Laguna Verde y a aproximadamente un kil\u00f3metros de las perforaciones que realizan empresas canadienses por sus proyectos de miner\u00eda a cielo abierto.<\/p>\n\n\n\n<p>La gente analiza la posibilidad de que la Laguna de El Farall\u00f3n sea rellenada con agua del mar o de alg\u00fan otro lugar para evitar su p\u00e9rdida total.<\/p>\n\n\n\n<p>De acuerdo con V\u00edctor Manuel Zavaleta L\u00f3pez, agente municipal de Tinajitas, ser\u00e1 presentado un proyecto a la Comisi\u00f3n de Agua del Estado de Veracruz (CAEV) para regresar el agua a la laguna.<\/p>\n\n\n\n<p>\u201cEl clima est\u00e1 muy mal y estamos viendo si el agua tratada de la planta nuclear se pueda verter hacia la laguna o el agua del mar. Es una idea de pescadores y estamos a la espera de una respuesta de las dependencias\u201d, coment\u00f3.<\/p>\n\n\n\n<p>En un recorrido realizado en dicha localidad se constat\u00f3 que la laguna est\u00e1 casi seca y solo se observa agua en el centro, acompa\u00f1ada de lodo y algas que le dan un aspecto verdoso.\u00a0<\/p>\n","protected":false},"excerpt":{"rendered":"<p>Juan Arcos Xalapa, Ver.- Las aves quedan atrapadas en el fango cuando buscan alimento y mueren ante la sequ\u00eda hist\u00f3rica que registra la laguna de El Farall\u00f3n en el municipio de Actopan. Los cuerpos inertes de dos pel\u00edcanos se observan entre las grietas que se formaron por la escasez de agua en el mencionado lugar, [&hellip;]<\/p>\n","protected":false},"author":1,"featured_media":13028,"comment_status":"open","ping_status":"open","sticky":false,"template":"","format":"standard","meta":{"_jetpack_memberships_contains_paid_content":false,"footnotes":""},"categories":[2],"tags":[],"class_list":["post-13056","post","type-post","status-publish","format-standard","has-post-thumbnail","hentry","category-estado"],"jetpack_featured_media_url":"https:\/\/encuentroinformativo.com.mx\/wp-content\/uploads\/2021\/04\/4A2AEEC3-2505-4F8C-88A2-D6A1D03EE12E.jpeg","jetpack_sharing_enabled":true,"jetpack_likes_enabled":true,"amp_enabled":true,"_links":{"self":[{"href":"https:\/\/encuentroinformativo.com.mx\/index.php?rest_route=\/wp\/v2\/posts\/13056","targetHints":{"allow":["GET"]}}],"collection":[{"href":"https:\/\/encuentroinformativo.com.mx\/index.php?rest_route=\/wp\/v2\/posts"}],"about":[{"href":"https:\/\/encuentroinformativo.com.mx\/index.php?rest_route=\/wp\/v2\/types\/post"}],"author":[{"embeddable":true,"href":"https:\/\/encuentroinformativo.com.mx\/index.php?rest_route=\/wp\/v2\/users\/1"}],"replies":[{"embeddable":true,"href":"https:\/\/encuentroinformativo.com.mx\/index.php?rest_route=%2Fwp%2Fv2%2Fcomments&post=13056"}],"version-history":[{"count":1,"href":"https:\/\/encuentroinformativo.com.mx\/index.php?rest_route=\/wp\/v2\/posts\/13056\/revisions"}],"predecessor-version":[{"id":13057,"href":"https:\/\/encuentroinformativo.com.mx\/index.php?rest_route=\/wp\/v2\/posts\/13056\/revisions\/13057"}],"wp:featuredmedia":[{"embeddable":true,"href":"https:\/\/encuentroinformativo.com.mx\/index.php?rest_route=\/wp\/v2\/media\/13028"}],"wp:attachment":[{"href":"https:\/\/encuentroinformativo.com.mx\/index.php?rest_route=%2Fwp%2Fv2%2Fmedia&parent=13056"}],"wp:term":[{"taxonomy":"category","embeddable":true,"href":"https:\/\/encuentroinformativo.com.mx\/index.php?rest_route=%2Fwp%2Fv2%2Fcategories&post=13056"},{"taxonomy":"post_tag","embeddable":true,"href":"https:\/\/encuentroinformativo.com.mx\/index.php?rest_route=%2Fwp%2Fv2%2Ftags&post=13056"}],"curies":[{"name":"wp","href":"https:\/\/api.w.org\/{rel}","templated":true}]}}