{"id":13058,"date":"2021-04-18T17:01:07","date_gmt":"2021-04-18T22:01:07","guid":{"rendered":"https:\/\/encuentroinformativo.com.mx\/?p=13058"},"modified":"2021-04-18T17:01:10","modified_gmt":"2021-04-18T22:01:10","slug":"neblina-xalapena","status":"publish","type":"post","link":"https:\/\/encuentroinformativo.com.mx\/?p=13058","title":{"rendered":"Neblina xalape\u00f1a&#8230;"},"content":{"rendered":"\n<p><strong>Juan Arcos <\/strong><\/p>\n\n\n\n<p>Xalapa, Ver.- Despu\u00e9s de varios d\u00edas de intenso calor, la niebla se observ\u00f3 en gran parte de la ciudad de Xalapa por el paso del Frente Fr\u00edo n\u00famero 51 en territorio veracruzano.<\/p>\n\n\n\n<p>De acuerdo con Jessica Iveth Luna Lagunes, jefa de Hidrometeorolog\u00eda del Organismo de Cuenca Golfo Centro de la Comisi\u00f3n Nacional del Agua (Conagua), tambi\u00e9n se registrar\u00edan condiciones de cielo nublado, lloviznas y algunas lluvias en gran parte de la entidad.<\/p>\n\n\n\n<p>La meteor\u00f3loga detall\u00f3 que solo en la zona de Tlalixcoyan y en el extremo sur, se aprecia cielo despejado a medio nublado.<\/p>\n\n\n\n<p>En la capital del estado se hab\u00edan registrado temperaturas que superan los 30 grados cent\u00edgrados, en d\u00edas pasados.<\/p>\n\n\n\n<p>Mientras que este domingo 18 de abril se tendr\u00eda una temperatura m\u00e1xima de 21 grados Celsius y una m\u00ednima de 16 grados cent\u00edgrados.<\/p>\n\n\n\n<p>La densa niebla se observ\u00f3 casi hasta el suelo durante la ma\u00f1ana de este domingo, sobre todo en el Centro Hist\u00f3rico de la ciudad de Xalapa.<\/p>\n\n\n\n<p>Las mismas condiciones predominaron en el municipio de Coatepec, ubicado a solo diez kil\u00f3metros de la capital veracruzana.<\/p>\n\n\n\n<p>La Secretar\u00eda de Protecci\u00f3n Civil (PC) report\u00f3 que en la zona costera se presenta viento con rachas de 60 a 70 kil\u00f3metros por hora, adem\u00e1s de neblinas y lloviznas.<\/p>\n\n\n\n<p>Por tal motivo, la dependencia estatal, a cargo de Guadalupe Osorno Maldonado, recomend\u00f3 a la poblaci\u00f3n evitar accidentes por ca\u00edda de \u00e1rboles y objetos, y manejar con precauci\u00f3n.<\/p>\n","protected":false},"excerpt":{"rendered":"<p>Juan Arcos Xalapa, Ver.- Despu\u00e9s de varios d\u00edas de intenso calor, la niebla se observ\u00f3 en gran parte de la ciudad de Xalapa por el paso del Frente Fr\u00edo n\u00famero 51 en territorio veracruzano. De acuerdo con Jessica Iveth Luna Lagunes, jefa de Hidrometeorolog\u00eda del Organismo de Cuenca Golfo Centro de la Comisi\u00f3n Nacional del [&hellip;]<\/p>\n","protected":false},"author":1,"featured_media":13059,"comment_status":"open","ping_status":"open","sticky":false,"template":"","format":"standard","meta":{"_jetpack_memberships_contains_paid_content":false,"footnotes":""},"categories":[3],"tags":[],"class_list":["post-13058","post","type-post","status-publish","format-standard","has-post-thumbnail","hentry","category-xalapa"],"jetpack_featured_media_url":"https:\/\/encuentroinformativo.com.mx\/wp-content\/uploads\/2021\/04\/C1CA2A76-0BA2-4DAD-830C-460C1A55C1F8.jpeg","jetpack_sharing_enabled":true,"jetpack_likes_enabled":true,"amp_enabled":true,"_links":{"self":[{"href":"https:\/\/encuentroinformativo.com.mx\/index.php?rest_route=\/wp\/v2\/posts\/13058","targetHints":{"allow":["GET"]}}],"collection":[{"href":"https:\/\/encuentroinformativo.com.mx\/index.php?rest_route=\/wp\/v2\/posts"}],"about":[{"href":"https:\/\/encuentroinformativo.com.mx\/index.php?rest_route=\/wp\/v2\/types\/post"}],"author":[{"embeddable":true,"href":"https:\/\/encuentroinformativo.com.mx\/index.php?rest_route=\/wp\/v2\/users\/1"}],"replies":[{"embeddable":true,"href":"https:\/\/encuentroinformativo.com.mx\/index.php?rest_route=%2Fwp%2Fv2%2Fcomments&post=13058"}],"version-history":[{"count":1,"href":"https:\/\/encuentroinformativo.com.mx\/index.php?rest_route=\/wp\/v2\/posts\/13058\/revisions"}],"predecessor-version":[{"id":13060,"href":"https:\/\/encuentroinformativo.com.mx\/index.php?rest_route=\/wp\/v2\/posts\/13058\/revisions\/13060"}],"wp:featuredmedia":[{"embeddable":true,"href":"https:\/\/encuentroinformativo.com.mx\/index.php?rest_route=\/wp\/v2\/media\/13059"}],"wp:attachment":[{"href":"https:\/\/encuentroinformativo.com.mx\/index.php?rest_route=%2Fwp%2Fv2%2Fmedia&parent=13058"}],"wp:term":[{"taxonomy":"category","embeddable":true,"href":"https:\/\/encuentroinformativo.com.mx\/index.php?rest_route=%2Fwp%2Fv2%2Fcategories&post=13058"},{"taxonomy":"post_tag","embeddable":true,"href":"https:\/\/encuentroinformativo.com.mx\/index.php?rest_route=%2Fwp%2Fv2%2Ftags&post=13058"}],"curies":[{"name":"wp","href":"https:\/\/api.w.org\/{rel}","templated":true}]}}