{"id":13061,"date":"2021-04-18T18:25:38","date_gmt":"2021-04-18T23:25:38","guid":{"rendered":"https:\/\/encuentroinformativo.com.mx\/?p=13061"},"modified":"2021-04-18T18:25:42","modified_gmt":"2021-04-18T23:25:42","slug":"iniciara-aplicacion-de-vacuna-en-segunda-dosis","status":"publish","type":"post","link":"https:\/\/encuentroinformativo.com.mx\/?p=13061","title":{"rendered":"Iniciar\u00e1 aplicaci\u00f3n de vacuna en segunda dosis"},"content":{"rendered":"\n<p><strong>Juan Arcos<\/strong><\/p>\n\n\n\n<p>Xalapa, Ver.- El gobernador Cuitl\u00e1huac Garc\u00eda Jim\u00e9nez inform\u00f3 que este lunes 19 de abril ser\u00e1 aplicada la segunda dosis de la vacuna Pfizer contra SARS-COV-2 (COVID-19) a adultos mayores de seis municipios del estado de Veracruz, con la cual quedar\u00e1n totalmente inmunizados.<\/p>\n\n\n\n<p>El beneficio ser\u00e1 para personas mayores de 60 a\u00f1os que radican en los municipios de Xalapa, Benito Ju\u00e1rez, Tamal\u00edn, Ixcatepec, Citlaltepetl y Tantima, y que ya recibieron la primera dosis.<\/p>\n\n\n\n<p>El mandatario estatal detall\u00f3 que el biol\u00f3gico tambi\u00e9n ser\u00e1 aplicado a dicho sector de la poblaci\u00f3n, durante el jueves 22 de abril en los municipios de Maltrata y J\u00e1ltipan, el viernes en Cosamaloapan y, el s\u00e1bado, en Santiago Sochiapan y Papantla.<\/p>\n\n\n\n<p>Record\u00f3 que el Plan Nacional de Vacunaci\u00f3n iniciar\u00e1 en 23 municipios. Durante el lunes en Tehuipango, Tequila, Ozuluama, Tamiahua, Espinal, San Rafael, Tecolutla, Yecuatla, Coscomatepec, Mexayapan, Uxpanapa, Chinameca, Paso del Macho, Tantoyuca, Cerro Azul, Naranjos, Ixhuatl\u00e1n de Madero, Camerino Z. Mendoza, Tierra Blanca y Juan Rodr\u00edguez Clara. Mientras que, el martes 20 de abri\u00f3, en Soconusco y Amatl\u00e1n de los Reyes.<\/p>\n\n\n\n<p>En un mensaje trasmitido desde sus redes sociales, Garc\u00eda Jim\u00e9nez indic\u00f3 que el 73 por ciento de los 197 mil 430 docentes y personal educativo se ha registrado en la plataforma digital para acceder a la vacuna contra coronavirus.<\/p>\n\n\n\n<p>\u201cEs decir que en los pr\u00f3ximos d\u00edas estar\u00e1 concluida esa gran tarea y, por lo tanto, la vacunaci\u00f3n para este sector podr\u00e1 arrancar sin problemas el d\u00eda martes\u201d, enfatiz\u00f3.<\/p>\n\n\n\n<p>Cabe recordar que fueron establecidas cinco sedes para la vacunaci\u00f3n al magisterio: Xalapa (Zona Universitaria), Boca del R\u00edo (World Trade Center), Tuxpan (Expo Ganadera), Orizaba (Foro Orizaba) y Coatzacoalcos (Instituto Tecnol\u00f3gico Superior).<\/p>\n\n\n\n<p>\u201cEs una gran tarea, es el compromiso de todas y todos, todos tenemos que aportar en esto, vamos a seguir trabajando de acuerdo con las indicaciones de la autoridad sanitaria, a nivel federal y a nivel estatal\u201d, remat\u00f3 el Gobernador.<\/p>\n","protected":false},"excerpt":{"rendered":"<p>Juan Arcos Xalapa, Ver.- El gobernador Cuitl\u00e1huac Garc\u00eda Jim\u00e9nez inform\u00f3 que este lunes 19 de abril ser\u00e1 aplicada la segunda dosis de la vacuna Pfizer contra SARS-COV-2 (COVID-19) a adultos mayores de seis municipios del estado de Veracruz, con la cual quedar\u00e1n totalmente inmunizados. El beneficio ser\u00e1 para personas mayores de 60 a\u00f1os que radican [&hellip;]<\/p>\n","protected":false},"author":1,"featured_media":13062,"comment_status":"open","ping_status":"open","sticky":false,"template":"","format":"standard","meta":{"_jetpack_memberships_contains_paid_content":false,"footnotes":""},"categories":[2],"tags":[],"class_list":["post-13061","post","type-post","status-publish","format-standard","has-post-thumbnail","hentry","category-estado"],"jetpack_featured_media_url":"https:\/\/encuentroinformativo.com.mx\/wp-content\/uploads\/2021\/04\/81733B9A-4419-4B35-846C-8106938C55DE.jpeg","jetpack_sharing_enabled":true,"jetpack_likes_enabled":true,"amp_enabled":true,"_links":{"self":[{"href":"https:\/\/encuentroinformativo.com.mx\/index.php?rest_route=\/wp\/v2\/posts\/13061","targetHints":{"allow":["GET"]}}],"collection":[{"href":"https:\/\/encuentroinformativo.com.mx\/index.php?rest_route=\/wp\/v2\/posts"}],"about":[{"href":"https:\/\/encuentroinformativo.com.mx\/index.php?rest_route=\/wp\/v2\/types\/post"}],"author":[{"embeddable":true,"href":"https:\/\/encuentroinformativo.com.mx\/index.php?rest_route=\/wp\/v2\/users\/1"}],"replies":[{"embeddable":true,"href":"https:\/\/encuentroinformativo.com.mx\/index.php?rest_route=%2Fwp%2Fv2%2Fcomments&post=13061"}],"version-history":[{"count":1,"href":"https:\/\/encuentroinformativo.com.mx\/index.php?rest_route=\/wp\/v2\/posts\/13061\/revisions"}],"predecessor-version":[{"id":13063,"href":"https:\/\/encuentroinformativo.com.mx\/index.php?rest_route=\/wp\/v2\/posts\/13061\/revisions\/13063"}],"wp:featuredmedia":[{"embeddable":true,"href":"https:\/\/encuentroinformativo.com.mx\/index.php?rest_route=\/wp\/v2\/media\/13062"}],"wp:attachment":[{"href":"https:\/\/encuentroinformativo.com.mx\/index.php?rest_route=%2Fwp%2Fv2%2Fmedia&parent=13061"}],"wp:term":[{"taxonomy":"category","embeddable":true,"href":"https:\/\/encuentroinformativo.com.mx\/index.php?rest_route=%2Fwp%2Fv2%2Fcategories&post=13061"},{"taxonomy":"post_tag","embeddable":true,"href":"https:\/\/encuentroinformativo.com.mx\/index.php?rest_route=%2Fwp%2Fv2%2Ftags&post=13061"}],"curies":[{"name":"wp","href":"https:\/\/api.w.org\/{rel}","templated":true}]}}