{"id":13064,"date":"2021-04-19T09:32:43","date_gmt":"2021-04-19T14:32:43","guid":{"rendered":"https:\/\/encuentroinformativo.com.mx\/?p=13064"},"modified":"2021-04-19T09:32:47","modified_gmt":"2021-04-19T14:32:47","slug":"pvem-isleno-y-mellado","status":"publish","type":"post","link":"https:\/\/encuentroinformativo.com.mx\/?p=13064","title":{"rendered":"PVEM, Isle\u00f1o y Mellado"},"content":{"rendered":"\n<p><strong>Los Pol\u00edticos<\/strong><\/p>\n\n\n\n<p><strong>Salvador Mu\u00f1oz<\/strong><\/p>\n\n\n\n<p>Se supone que los partidos buscan al mejor para sus candidatos para los cargos de representaci\u00f3n popular en disputa\u2026 se supone.<\/p>\n\n\n\n<p>En Medell\u00edn, el equipo de Marcos Isle\u00f1o presume que ya est\u00e1 cantado como candidato por la alcald\u00eda tras ser vencedor en la famosa \u201cencuesta gansito\u201d (que no patito ni tuc\u00e1n) que al igual que Morena, parece que el PVEM repite para la designaci\u00f3n de sus cartas. Es decir, es el m\u00e1s conocido y tiene m\u00e1s positivos que negativos que su contrincante, Luis Mellado\u2026 as\u00ed es como lo presumen: \u201cM\u00e1s positivos que negativos\u201d.<\/p>\n\n\n\n<p>Por supuesto, la metodolog\u00eda como los resultados de esa famosa \u201cencuesta\u201d tal parece que son materia de reserva como la cantidad de asuntos y casos que el Gobierno de Andr\u00e9s Manuel L\u00f3pez Obrador ha llevado a esa instancia aun cuando prometi\u00f3 y presume transparencia.<\/p>\n\n\n\n<p>Tratando de darle el beneficio de la duda a las \u201cencuestas gansito\u201d del PVEM, ya nada m\u00e1s se preguntar\u00eda uno algunas cosas:<\/p>\n\n\n\n<p>1.- \u00bfC\u00f3mo chinitas \u201cel cuestionado\u201d en las \u201cencuestas gansito\u201d ya no se acord\u00f3 de los se\u00f1alamientos de corrupci\u00f3n que se le hizo a la administraci\u00f3n municipal de Isle\u00f1o?<\/p>\n\n\n\n<p>2.- Arrastrando sendas derrotas posteriores a su paso por la presidencia municipal, \u00bfel PVEM apuesta a la teor\u00eda de \u201cLa tercera es la vencida\u201d?<\/p>\n\n\n\n<p>3.- \u00bfQuiz\u00e1s le falt\u00f3 a Luis Mellado llevar en su curr\u00edculum fama de macho para tener los atributos que tal parece el PVEM pondera?<\/p>\n\n\n\n<p>4.- \u00bfHablamos entonces que en el Verde se hacen de la vista gorda con el Maltrato a la Mujer porque su bandera es contra el Maltrato a los Animales?<\/p>\n\n\n\n<p>5.- \u00a1O es eso! \u00bfse defiende por encima de cualquier cosa a los animales\u2026 pol\u00edticos, con eso de que Marcos Isle\u00f1o acus\u00f3 en cierto momento, campa\u00f1a negra en su contra?<\/p>\n\n\n\n<p>Como sea, entre los \u201cisle\u00f1os\u201d su gallo, o tuc\u00e1n en este caso, aunque le digan El Gato, ya es Marcos\u2026<\/p>\n\n\n\n<p>Hasta ac\u00e1, el primer paso\u2026 el siguiente paso para el PVEM es urgente: Operaci\u00f3n Cicatriz.<\/p>\n\n\n\n<p>En lo que parece ser la apuesta \u201cM\u00e1s vale malo conocido\u201d con Marcos Isle\u00f1o, el PVEM debe tomar en cuenta entonces el capital pol\u00edtico que Luis Mellado ha adquirido sin m\u00e1cula en su historial, es un im\u00e1n interesante que cualquier otro partido o candidato quisiera\u2026<\/p>\n\n\n\n<p>El asunto es entender el porqu\u00e9 se llama \u201cOperaci\u00f3n Cicatriz\u201d.<\/p>\n\n\n\n<p>Para que haya cicatriz, debe haber una lesi\u00f3n, un traumatismo\u2026 en torno a este elemento, hay dolor\u2026 y en pol\u00edtica, es inherente herir susceptibilidades.<\/p>\n\n\n\n<p>Si el PVEM tiene la misma sensibilidad para elegir a sus candidatos que para tratar este tema con Luis Mellado, ya se puede decir mucho\u2026 y luego entonces, quiz\u00e1s ya sea demasiado tarde.<\/p>\n\n\n\n<p>El pasado 16 de abril, Luis Mellado subi\u00f3 esto en su facebook:<\/p>\n\n\n\n<p>\u201cComo equipo nos reunimos buscando m\u00e1s y mejores formas para estar cerca de ti.<\/p>\n\n\n\n<p>Tambi\u00e9n aprovechamos para saludar y escuchar a Gabriel C\u00e1rdenas (NOTA: el a todas luces candidato del PAN por la alcald\u00eda de Medell\u00edn).<\/p>\n\n\n\n<p>No tenemos duda de que juntos (OJO) podremos hacer m\u00e1s y mejores cosas para nuestro municipio.<\/p>\n\n\n\n<p>#ConectandoMedell\u00edn\u201d.<\/p>\n\n\n\n<p>Las decisiones, es claro, tienen consecuencias\u2026 ac\u00e1 est\u00e1n las inmediatas\u2026 en dos meses, veremos las otras.<\/p>\n\n\n\n<p><a href=\"mailto:smcainito@gmail.com\" target=\"_blank\" rel=\"noreferrer noopener\">smcainito@gmail.com<\/a><\/p>\n","protected":false},"excerpt":{"rendered":"<p>Los Pol\u00edticos Salvador Mu\u00f1oz Se supone que los partidos buscan al mejor para sus candidatos para los cargos de representaci\u00f3n popular en disputa\u2026 se supone. En Medell\u00edn, el equipo de Marcos Isle\u00f1o presume que ya est\u00e1 cantado como candidato por la alcald\u00eda tras ser vencedor en la famosa \u201cencuesta gansito\u201d (que no patito ni tuc\u00e1n) [&hellip;]<\/p>\n","protected":false},"author":1,"featured_media":70,"comment_status":"open","ping_status":"open","sticky":false,"template":"","format":"standard","meta":{"_jetpack_memberships_contains_paid_content":false,"footnotes":""},"categories":[11],"tags":[],"class_list":["post-13064","post","type-post","status-publish","format-standard","has-post-thumbnail","hentry","category-opinion"],"jetpack_featured_media_url":"https:\/\/encuentroinformativo.com.mx\/wp-content\/uploads\/2020\/02\/opinion-invitado.jpg","jetpack_sharing_enabled":true,"jetpack_likes_enabled":true,"amp_enabled":true,"_links":{"self":[{"href":"https:\/\/encuentroinformativo.com.mx\/index.php?rest_route=\/wp\/v2\/posts\/13064","targetHints":{"allow":["GET"]}}],"collection":[{"href":"https:\/\/encuentroinformativo.com.mx\/index.php?rest_route=\/wp\/v2\/posts"}],"about":[{"href":"https:\/\/encuentroinformativo.com.mx\/index.php?rest_route=\/wp\/v2\/types\/post"}],"author":[{"embeddable":true,"href":"https:\/\/encuentroinformativo.com.mx\/index.php?rest_route=\/wp\/v2\/users\/1"}],"replies":[{"embeddable":true,"href":"https:\/\/encuentroinformativo.com.mx\/index.php?rest_route=%2Fwp%2Fv2%2Fcomments&post=13064"}],"version-history":[{"count":1,"href":"https:\/\/encuentroinformativo.com.mx\/index.php?rest_route=\/wp\/v2\/posts\/13064\/revisions"}],"predecessor-version":[{"id":13065,"href":"https:\/\/encuentroinformativo.com.mx\/index.php?rest_route=\/wp\/v2\/posts\/13064\/revisions\/13065"}],"wp:featuredmedia":[{"embeddable":true,"href":"https:\/\/encuentroinformativo.com.mx\/index.php?rest_route=\/wp\/v2\/media\/70"}],"wp:attachment":[{"href":"https:\/\/encuentroinformativo.com.mx\/index.php?rest_route=%2Fwp%2Fv2%2Fmedia&parent=13064"}],"wp:term":[{"taxonomy":"category","embeddable":true,"href":"https:\/\/encuentroinformativo.com.mx\/index.php?rest_route=%2Fwp%2Fv2%2Fcategories&post=13064"},{"taxonomy":"post_tag","embeddable":true,"href":"https:\/\/encuentroinformativo.com.mx\/index.php?rest_route=%2Fwp%2Fv2%2Ftags&post=13064"}],"curies":[{"name":"wp","href":"https:\/\/api.w.org\/{rel}","templated":true}]}}