{"id":13068,"date":"2021-04-19T11:24:50","date_gmt":"2021-04-19T16:24:50","guid":{"rendered":"https:\/\/encuentroinformativo.com.mx\/?p=13068"},"modified":"2021-04-19T11:24:54","modified_gmt":"2021-04-19T16:24:54","slug":"lo-que-las-mujeres-quieren","status":"publish","type":"post","link":"https:\/\/encuentroinformativo.com.mx\/?p=13068","title":{"rendered":"LO QUE LAS MUJERES QUIEREN"},"content":{"rendered":"\n<p><strong>N\u00fameros Rojos<\/strong><\/p>\n\n\n\n<p><strong>Brenda Caballero<\/strong><br><br>Las mujeres empezaron a llegar a la cita. Necesitaban hablar, expresarse, ser escuchadas. La primera en tomar la palabra fue Zaida Alicia Llad\u00f3 Castillo, quien adem\u00e1s de dar la bienvenida a las y los presentes, inst\u00f3 la necesidad de buscar un aliado en la C\u00e1mara de diputados federal, alguien que defienda los intereses de los veracruzanos mediante un di\u00e1logo con mujeres.<\/p>\n\n\n\n<p>La siguiente en tomar la voz fue Rebeca Ramos Rella, quien destac\u00f3 el desaliento social que se est\u00e1 viviendo. Ella propuso una agenda ciudadana para rescatar a Xalapa, donde los candidatos escuchen y sobre todo haya retroalimentaci\u00f3n, buscando un puente de comunicaci\u00f3n entre gobierno y ciudadanos. Destac\u00f3 la necesidad de explotar el sector turismo en la capital adem\u00e1s de recalcar el incremento de feminicidios en la regi\u00f3n centro, de desapariciones de personas, as\u00ed como de las amenazas del crimen organizado a los colectivos que las buscan; es necesario abanderar estas causas, enfatiz\u00f3 Ramos Rella.<\/p>\n\n\n\n<p>\u201cNos est\u00e1n matando en Veracruz, no lo olviden\u201d. Los aplausos del Grupo Ciudadano de Mujeres que Amamos a Xalapa y a Veracruz no se hizo esperar. \u201cNo se olviden que cuando est\u00e9n sentados en su curul, ac\u00e1 en Veracruz, las mujeres no estamos bien; esperamos que cuando lleguen al poder no se les suba\u201d.<\/p>\n\n\n\n<p>Para finalizar su intervenci\u00f3n, Rebeca pidi\u00f3 que los contendientes se sumen al combate a la corrupci\u00f3n, al influyentismo, que rindan cuentas, que promuevan la transparencia institucional, que no improvisen, que escuchen, que atiendan, que trabajen en equipo, que busquen la coincidencia con otros partidos\u2026 &#8220;Las mujeres somos un activo, Debemos salvar la democracia&#8221;.<\/p>\n\n\n\n<p>Guadalupe Virgen Ramos, quien por su experiencia en el sector Salud alz\u00f3 la voz por los pacientes que padecen leucemia, c\u00e1ncer de mama, entre otros y que acuden al CECAN, y se encuentran que no hay ap\u00f3sitos, entre otros materiales quir\u00fargicos, para tratar a los pacientes, as\u00ed como medicamentos para el tratamiento del c\u00e1ncer en Veracruz. \u201cEs urgente establecer en la agenda parlamentaria lo que el sector Salud requiere\u201d.<\/p>\n\n\n\n<p>Se\u00f1al\u00f3 que el personal de Salud debe ser apoyado para especializarse. Adem\u00e1s, con la pandemia es necesario gestionarles un seguro de vida y mejorar los salarios para los trabajadores de la Salud.<\/p>\n\n\n\n<p>Virginia Dur\u00e1n Campollo se\u00f1al\u00f3 la problem\u00e1tica que est\u00e1 viviendo el gremio period\u00edstico, pues aparte de las continuas campa\u00f1as y se\u00f1alamientos de desprestigio hacia diversos periodistas y medios de comunicaci\u00f3n desde las Ma\u00f1aneras, M\u00e9xico es el pa\u00eds m\u00e1s mort\u00edfero para ejercer tal profesi\u00f3n.<\/p>\n\n\n\n<p>Alicia Aguilar Guevara, tambi\u00e9n periodista, se\u00f1al\u00f3 la polarizaci\u00f3n social de las campa\u00f1as en las redes sociales y la preocupaci\u00f3n por tratar de censurar la voz de los ciudadanos que critican al actual gobierno.<\/p>\n\n\n\n<p>Alicia Gonz\u00e1lez Cerecedo reconoci\u00f3 la osad\u00eda del candidato por aceptar el reto a contender por la diputaci\u00f3n federal en tiempos como \u00e9stos y se\u00f1al\u00f3 la urgencia de gestionar presupuesto federal para los ind\u00edgenas, ya que lo redujeron un 75 por ciento, dejando \u00fanicamente el de apoyo de los comedores a ni\u00f1os de zonas serranas.<\/p>\n\n\n\n<p>Las mujeres empresarias tambi\u00e9n alzaron la voz. Por un lado, Josefina Meza Zamora se pronunci\u00f3 sobre la urgente protecci\u00f3n de los derechos de los empresarios, ya que generan empleo, situaci\u00f3n totalmente cr\u00edtica con la pandemia de Covid 19, mientras que Graciela Garc\u00eda Trevi\u00f1o indic\u00f3 su preocupaci\u00f3n por las Pymes que han cerrado ante la pandemia, adem\u00e1s de la necesaria reactivaci\u00f3n econ\u00f3mica para recuperar empleos perdidos.<\/p>\n\n\n\n<p>Mar\u00eda del Socorro Perfecto Toro hizo algunas reflexiones del Poder Legislativo y su funci\u00f3n, sobre todo recalcando la independencia de poderes.<\/p>\n\n\n\n<p>Tambi\u00e9n estuvieron presentes Corintia Cruz Oreg\u00f3n, Hortencia Alarc\u00f3n Montero, Ernestina Hern\u00e1ndez Barrales, Mariana Barbosa Gonz\u00e1lez, Cory Cabrera de Vega, Lorena Bonilla, Isidora Garc\u00eda Dur\u00e1n, Roc\u00edo Hagmahier Priego, as\u00ed como Laura Llad\u00f3 Castillo, Reyna Llad\u00f3 Castillo, Marcela Llad\u00f3 Castillo, Rosa Luna Hern\u00e1ndez, Mar\u00eda Elena Meza Zamora, Luz del Carmen Vicente, Ylia Ortiz y Cecilia Perfecto Toro.<\/p>\n\n\n\n<p>El candidato a diputado federal por el distrito X de Xalapa, Am\u00e9rico Z\u00fa\u00f1iga Mart\u00ednez y su suplente, Agust\u00edn Basilio de la Vega, escucharon por casi dos horas a las mujeres que manifestaron sus preocupaciones, problemas, planteamientos, sugerencias, en una sesi\u00f3n que rompi\u00f3 esquemas, ya que ahora ellas fueron las que hablaron y los candidatos escucharon.<\/p>\n\n\n\n<p>@NumerosRojos_BC<br><a href=\"mailto:caballero_brenda@hotmail.com\" target=\"_blank\" rel=\"noreferrer noopener\">caballero_brenda@hotmail.com<\/a><\/p>\n","protected":false},"excerpt":{"rendered":"<p>N\u00fameros Rojos Brenda Caballero Las mujeres empezaron a llegar a la cita. Necesitaban hablar, expresarse, ser escuchadas. La primera en tomar la palabra fue Zaida Alicia Llad\u00f3 Castillo, quien adem\u00e1s de dar la bienvenida a las y los presentes, inst\u00f3 la necesidad de buscar un aliado en la C\u00e1mara de diputados federal, alguien que defienda [&hellip;]<\/p>\n","protected":false},"author":1,"featured_media":70,"comment_status":"open","ping_status":"open","sticky":false,"template":"","format":"standard","meta":{"_jetpack_memberships_contains_paid_content":false,"footnotes":""},"categories":[11],"tags":[],"class_list":["post-13068","post","type-post","status-publish","format-standard","has-post-thumbnail","hentry","category-opinion"],"jetpack_featured_media_url":"https:\/\/encuentroinformativo.com.mx\/wp-content\/uploads\/2020\/02\/opinion-invitado.jpg","jetpack_sharing_enabled":true,"jetpack_likes_enabled":true,"amp_enabled":true,"_links":{"self":[{"href":"https:\/\/encuentroinformativo.com.mx\/index.php?rest_route=\/wp\/v2\/posts\/13068","targetHints":{"allow":["GET"]}}],"collection":[{"href":"https:\/\/encuentroinformativo.com.mx\/index.php?rest_route=\/wp\/v2\/posts"}],"about":[{"href":"https:\/\/encuentroinformativo.com.mx\/index.php?rest_route=\/wp\/v2\/types\/post"}],"author":[{"embeddable":true,"href":"https:\/\/encuentroinformativo.com.mx\/index.php?rest_route=\/wp\/v2\/users\/1"}],"replies":[{"embeddable":true,"href":"https:\/\/encuentroinformativo.com.mx\/index.php?rest_route=%2Fwp%2Fv2%2Fcomments&post=13068"}],"version-history":[{"count":1,"href":"https:\/\/encuentroinformativo.com.mx\/index.php?rest_route=\/wp\/v2\/posts\/13068\/revisions"}],"predecessor-version":[{"id":13069,"href":"https:\/\/encuentroinformativo.com.mx\/index.php?rest_route=\/wp\/v2\/posts\/13068\/revisions\/13069"}],"wp:featuredmedia":[{"embeddable":true,"href":"https:\/\/encuentroinformativo.com.mx\/index.php?rest_route=\/wp\/v2\/media\/70"}],"wp:attachment":[{"href":"https:\/\/encuentroinformativo.com.mx\/index.php?rest_route=%2Fwp%2Fv2%2Fmedia&parent=13068"}],"wp:term":[{"taxonomy":"category","embeddable":true,"href":"https:\/\/encuentroinformativo.com.mx\/index.php?rest_route=%2Fwp%2Fv2%2Fcategories&post=13068"},{"taxonomy":"post_tag","embeddable":true,"href":"https:\/\/encuentroinformativo.com.mx\/index.php?rest_route=%2Fwp%2Fv2%2Ftags&post=13068"}],"curies":[{"name":"wp","href":"https:\/\/api.w.org\/{rel}","templated":true}]}}