{"id":13073,"date":"2021-04-19T11:45:37","date_gmt":"2021-04-19T16:45:37","guid":{"rendered":"https:\/\/encuentroinformativo.com.mx\/?p=13073"},"modified":"2021-04-19T11:45:41","modified_gmt":"2021-04-19T16:45:41","slug":"personal-de-sesver-demanda-aplicacion-de-vacuna-anti-covid","status":"publish","type":"post","link":"https:\/\/encuentroinformativo.com.mx\/?p=13073","title":{"rendered":"Personal de Sesver demanda aplicaci\u00f3n de vacuna anti Covid"},"content":{"rendered":"\n<p><strong>Dar\u00edo Pale<\/strong> <\/p>\n\n\n\n<p>Xalapa, Ver.- Arturo S\u00e1nchez V\u00e1zquez uno de los trabajadores de la Secretar\u00eda de Salud, de las oficinas centrales, en esta capital dio a conocer que protestaron para exigir que todo el personal de la dependencia sea vacunado, porque dicen, no pueden seguir viviendo de &#8220;aplausos&#8221;.<\/p>\n\n\n\n<p>Entrevistado durante la manifestaci\u00f3n pac\u00edfica expres\u00f3 que como trabajadores saben la importancia de la vacunaci\u00f3n antes de que se les aplique al sector educativo, por ello, aclar\u00f3 que est\u00e1n trabajando bajo protesta porque no consideran justo que no se les vacune a todos y ya vayan a vacunar a otros sectores.<\/p>\n\n\n\n<p>&#8220;Antes de que se les empiece a dar a otros sectores como el educativo porque nosotros tenemos un mayor riesgo de contagio&#8221;, se\u00f1al\u00f3.<\/p>\n\n\n\n<p>Record\u00f3 que ya en otra ocasi\u00f3n se hab\u00edan manifestado para exigir lo mismo y entregaron al secretario un oficio de solicitud, pero no ha sucedido nada.<\/p>\n\n\n\n<p>&#8220;Le pedimos al Gobernador que nos escuche, que nos apoye. Tambi\u00e9n le pedimos a la poblaci\u00f3n que nos ayude, a que nos protejan. No podemos seguir arriesgando nuestras vidas, hemos sido muy aplaudidos, reconocidos y lo agradecemos, pero no podemos seguir viviendo as\u00ed&#8221;, solicitaron durante la entrevista.<\/p>\n\n\n\n<p>Detall\u00f3 que tan s\u00f3lo en el Centro de Alta Especialidad &#8220;Dr. Rafael Lucio&#8221;, se ha vacunado apenas el 20 por ciento del total de la plantilla, mientras que en el Instituto Veracruzano de Salud Mental se ha vacunado al 50 por ciento.<\/p>\n\n\n\n<p>&#8220;No podemos permitir que el personal de salud siga muriendo, en terapia intensiva. No queremos seguir viviendo s\u00f3lo de aplausos, queremos protegernos y la \u00fanica manera es vacun\u00e1ndonos&#8221;, finaliz\u00f3.<\/p>\n","protected":false},"excerpt":{"rendered":"<p>Dar\u00edo Pale Xalapa, Ver.- Arturo S\u00e1nchez V\u00e1zquez uno de los trabajadores de la Secretar\u00eda de Salud, de las oficinas centrales, en esta capital dio a conocer que protestaron para exigir que todo el personal de la dependencia sea vacunado, porque dicen, no pueden seguir viviendo de &#8220;aplausos&#8221;. Entrevistado durante la manifestaci\u00f3n pac\u00edfica expres\u00f3 que como [&hellip;]<\/p>\n","protected":false},"author":1,"featured_media":13074,"comment_status":"open","ping_status":"open","sticky":false,"template":"","format":"standard","meta":{"_jetpack_memberships_contains_paid_content":false,"footnotes":""},"categories":[9],"tags":[],"class_list":["post-13073","post","type-post","status-publish","format-standard","has-post-thumbnail","hentry","category-salud"],"jetpack_featured_media_url":"https:\/\/encuentroinformativo.com.mx\/wp-content\/uploads\/2021\/04\/C165E003-6BCD-457A-B073-656C763C6DD2.jpeg","jetpack_sharing_enabled":true,"jetpack_likes_enabled":true,"amp_enabled":true,"_links":{"self":[{"href":"https:\/\/encuentroinformativo.com.mx\/index.php?rest_route=\/wp\/v2\/posts\/13073","targetHints":{"allow":["GET"]}}],"collection":[{"href":"https:\/\/encuentroinformativo.com.mx\/index.php?rest_route=\/wp\/v2\/posts"}],"about":[{"href":"https:\/\/encuentroinformativo.com.mx\/index.php?rest_route=\/wp\/v2\/types\/post"}],"author":[{"embeddable":true,"href":"https:\/\/encuentroinformativo.com.mx\/index.php?rest_route=\/wp\/v2\/users\/1"}],"replies":[{"embeddable":true,"href":"https:\/\/encuentroinformativo.com.mx\/index.php?rest_route=%2Fwp%2Fv2%2Fcomments&post=13073"}],"version-history":[{"count":1,"href":"https:\/\/encuentroinformativo.com.mx\/index.php?rest_route=\/wp\/v2\/posts\/13073\/revisions"}],"predecessor-version":[{"id":13075,"href":"https:\/\/encuentroinformativo.com.mx\/index.php?rest_route=\/wp\/v2\/posts\/13073\/revisions\/13075"}],"wp:featuredmedia":[{"embeddable":true,"href":"https:\/\/encuentroinformativo.com.mx\/index.php?rest_route=\/wp\/v2\/media\/13074"}],"wp:attachment":[{"href":"https:\/\/encuentroinformativo.com.mx\/index.php?rest_route=%2Fwp%2Fv2%2Fmedia&parent=13073"}],"wp:term":[{"taxonomy":"category","embeddable":true,"href":"https:\/\/encuentroinformativo.com.mx\/index.php?rest_route=%2Fwp%2Fv2%2Fcategories&post=13073"},{"taxonomy":"post_tag","embeddable":true,"href":"https:\/\/encuentroinformativo.com.mx\/index.php?rest_route=%2Fwp%2Fv2%2Ftags&post=13073"}],"curies":[{"name":"wp","href":"https:\/\/api.w.org\/{rel}","templated":true}]}}