{"id":13076,"date":"2021-04-19T11:57:17","date_gmt":"2021-04-19T16:57:17","guid":{"rendered":"https:\/\/encuentroinformativo.com.mx\/?p=13076"},"modified":"2021-04-19T11:57:21","modified_gmt":"2021-04-19T16:57:21","slug":"en-marcha-aplicacion-de-segunda-dosis-de-vacunacion-en-xalapa","status":"publish","type":"post","link":"https:\/\/encuentroinformativo.com.mx\/?p=13076","title":{"rendered":"En marcha, aplicaci\u00f3n de segunda dosis de vacunaci\u00f3n en Xalapa"},"content":{"rendered":"\n<p><strong>Dar\u00edo Pale <\/strong><\/p>\n\n\n\n<p>Xalapa, Ver.- El d\u00eda de hoy inicio la aplicaci\u00f3n de la segunda dosis de vacunaci\u00f3n contra COVID a adultos mayores de Xalapa, a\u00a0diferencia de cuando se aplic\u00f3 la primera dosis, esta vez se observ\u00f3 menor afluencia durante las primeras horas en los 9 m\u00f3dulos de vacunaci\u00f3n.<\/p>\n\n\n\n<p>Sin embargo, a pesar de la lluvia y bajas temperaturas hubo personas que acudieron desde la madrugada a apartar lugares para sus familiares.<\/p>\n\n\n\n<p>La vacunaci\u00f3n se desarrolla en el Estadio Xalape\u00f1o Heriberto Jara Corona, en el Estadio Col\u00f3n, la Benem\u00e9rita Escuela Normal Veracruzana, la Facultad de Medicina de la UV, Torre El Olmo, COBAEV N\u00famero 35 en la avenida Arco Sur, CECATI 151, en la colonia El Sumidero, en la escuela Secundaria General N\u00famero 4, Preescolar Pablo Neruda, Gimnasio La Lagunilla, Centro de Gesti\u00f3n Comunitaria El Principito y en la escuela Patria, en la congregaci\u00f3n El Castillo y en la explanada de Chiltoyac.<\/p>\n\n\n\n<p>Este lunes corresponde a las letras A-D, el martes de la E a la letra H, mi\u00e9rcoles de la L a la M, jueves de la N a la R y viernes de la S a la Z.<\/p>\n\n\n\n<p>Finalmente cabe recordar que el horario es de 8 de la ma\u00f1ana a 6 de la tarde y se recuerda a la poblaci\u00f3n que no es necesario hacer fila desde un d\u00eda antes, pues la jornada transcurre de manera r\u00e1pida.<\/p>\n","protected":false},"excerpt":{"rendered":"<p>Dar\u00edo Pale Xalapa, Ver.- El d\u00eda de hoy inicio la aplicaci\u00f3n de la segunda dosis de vacunaci\u00f3n contra COVID a adultos mayores de Xalapa, a\u00a0diferencia de cuando se aplic\u00f3 la primera dosis, esta vez se observ\u00f3 menor afluencia durante las primeras horas en los 9 m\u00f3dulos de vacunaci\u00f3n. Sin embargo, a pesar de la lluvia [&hellip;]<\/p>\n","protected":false},"author":1,"featured_media":13077,"comment_status":"open","ping_status":"open","sticky":false,"template":"","format":"standard","meta":{"_jetpack_memberships_contains_paid_content":false,"footnotes":""},"categories":[3],"tags":[],"class_list":["post-13076","post","type-post","status-publish","format-standard","has-post-thumbnail","hentry","category-xalapa"],"jetpack_featured_media_url":"https:\/\/encuentroinformativo.com.mx\/wp-content\/uploads\/2021\/04\/5CBDDE4C-7F68-445E-A419-990F3C7954D4.jpeg","jetpack_sharing_enabled":true,"jetpack_likes_enabled":true,"amp_enabled":true,"_links":{"self":[{"href":"https:\/\/encuentroinformativo.com.mx\/index.php?rest_route=\/wp\/v2\/posts\/13076","targetHints":{"allow":["GET"]}}],"collection":[{"href":"https:\/\/encuentroinformativo.com.mx\/index.php?rest_route=\/wp\/v2\/posts"}],"about":[{"href":"https:\/\/encuentroinformativo.com.mx\/index.php?rest_route=\/wp\/v2\/types\/post"}],"author":[{"embeddable":true,"href":"https:\/\/encuentroinformativo.com.mx\/index.php?rest_route=\/wp\/v2\/users\/1"}],"replies":[{"embeddable":true,"href":"https:\/\/encuentroinformativo.com.mx\/index.php?rest_route=%2Fwp%2Fv2%2Fcomments&post=13076"}],"version-history":[{"count":1,"href":"https:\/\/encuentroinformativo.com.mx\/index.php?rest_route=\/wp\/v2\/posts\/13076\/revisions"}],"predecessor-version":[{"id":13078,"href":"https:\/\/encuentroinformativo.com.mx\/index.php?rest_route=\/wp\/v2\/posts\/13076\/revisions\/13078"}],"wp:featuredmedia":[{"embeddable":true,"href":"https:\/\/encuentroinformativo.com.mx\/index.php?rest_route=\/wp\/v2\/media\/13077"}],"wp:attachment":[{"href":"https:\/\/encuentroinformativo.com.mx\/index.php?rest_route=%2Fwp%2Fv2%2Fmedia&parent=13076"}],"wp:term":[{"taxonomy":"category","embeddable":true,"href":"https:\/\/encuentroinformativo.com.mx\/index.php?rest_route=%2Fwp%2Fv2%2Fcategories&post=13076"},{"taxonomy":"post_tag","embeddable":true,"href":"https:\/\/encuentroinformativo.com.mx\/index.php?rest_route=%2Fwp%2Fv2%2Ftags&post=13076"}],"curies":[{"name":"wp","href":"https:\/\/api.w.org\/{rel}","templated":true}]}}