{"id":13088,"date":"2021-04-19T13:50:03","date_gmt":"2021-04-19T18:50:03","guid":{"rendered":"https:\/\/encuentroinformativo.com.mx\/?p=13088"},"modified":"2021-04-19T13:50:07","modified_gmt":"2021-04-19T18:50:07","slug":"pescadores-habian-denunciado-sequia-en-laguna-el-farallon","status":"publish","type":"post","link":"https:\/\/encuentroinformativo.com.mx\/?p=13088","title":{"rendered":"Pescadores hab\u00edan denunciado sequ\u00eda en Laguna El Farall\u00f3n"},"content":{"rendered":"\n<p><strong>Juan Arcos <\/strong><\/p>\n\n\n\n<p>Xalapa, Ver.- La falta de lluvias y la extracci\u00f3n de agua para los ranchos y las perforaciones de proyectos mineros a cielo abierto ocasionaron que la laguna de El Farall\u00f3n se secara en un 90 por ciento.<\/p>\n\n\n\n<p>As\u00ed lo denunci\u00f3 Manolo Acosta Dom\u00ednguez, presidente de la Sociedad Cooperativa El Farall\u00f3n-El Llano, quien a\u00f1adi\u00f3 que el nivel del agua disminuy\u00f3 de manera excesiva en los \u00faltimos tres a\u00f1os.<\/p>\n\n\n\n<p>\u201cLa extracci\u00f3n brutal de agua para unas minas que estaban perforando, hacia all\u00e1, pozos cercanos. Me imagino que estas lagunas son alimentadoras de los mantos acu\u00edferos. Al no llover y al extraer brutalmente el agua de esa forma, su nivel disminuy\u00f3 brutalmente\u201d.<\/p>\n\n\n\n<p>Indic\u00f3 que los pescadores hab\u00edan reportado a las autoridades estatales y federales dicha situaci\u00f3n desde el a\u00f1o pasado; sin embargo, no se llevaron a cabo acciones para detener la problem\u00e1tica.<\/p>\n\n\n\n<p>El entrevistado detall\u00f3 que hab\u00eda cuatro mangueras de dos y tres pulgadas que utilizaban los due\u00f1os de ranchos para extraer el agua.<\/p>\n\n\n\n<p>No obstante, hace una semana, acudi\u00f3 al lugar personal de la Procuradur\u00eda Estatal de Medio Ambiente (PMA) para retirar los tubos, cuyas marcas quedaron sobre la tierra agrietada, donde alg\u00fan d\u00eda hubo agua.<\/p>\n\n\n\n<p>Acosta Dom\u00ednguez indic\u00f3 que 100 familias se han visto afectadas por la p\u00e9rdida de la pesca en la laguna mencionada, desde hace un a\u00f1o.<\/p>\n\n\n\n<p>\u201cOtra factor es la p\u00e9rdida de trabajo de los pescadores que viven directamente de la pesca, estamos hablando de cerca de 100 familias, tres cooperativas que se convergen aqu\u00ed y es el sustento, es el sustento de sus familias\u201d.<\/p>\n\n\n\n<p>Los pescadores pidieron la urgente intervenci\u00f3n de las autoridades competentes para evitar la p\u00e9rdida total de la laguna, toda vez que contin\u00faa la temporada de estiaje en el estado.<\/p>\n\n\n\n<figure class=\"wp-block-image size-large\"><img loading=\"lazy\" decoding=\"async\" width=\"1024\" height=\"768\" src=\"https:\/\/encuentroinformativo.com.mx\/wp-content\/uploads\/2021\/04\/882C901D-DA2D-46FB-B097-B495C63A7FD2-1024x768.jpeg\" alt=\"\" class=\"wp-image-13087\" srcset=\"https:\/\/encuentroinformativo.com.mx\/wp-content\/uploads\/2021\/04\/882C901D-DA2D-46FB-B097-B495C63A7FD2-1024x768.jpeg 1024w, https:\/\/encuentroinformativo.com.mx\/wp-content\/uploads\/2021\/04\/882C901D-DA2D-46FB-B097-B495C63A7FD2-300x225.jpeg 300w, https:\/\/encuentroinformativo.com.mx\/wp-content\/uploads\/2021\/04\/882C901D-DA2D-46FB-B097-B495C63A7FD2-768x576.jpeg 768w, https:\/\/encuentroinformativo.com.mx\/wp-content\/uploads\/2021\/04\/882C901D-DA2D-46FB-B097-B495C63A7FD2-1536x1152.jpeg 1536w, https:\/\/encuentroinformativo.com.mx\/wp-content\/uploads\/2021\/04\/882C901D-DA2D-46FB-B097-B495C63A7FD2.jpeg 1600w\" sizes=\"auto, (max-width: 1024px) 100vw, 1024px\" \/><\/figure>\n","protected":false},"excerpt":{"rendered":"<p>Juan Arcos Xalapa, Ver.- La falta de lluvias y la extracci\u00f3n de agua para los ranchos y las perforaciones de proyectos mineros a cielo abierto ocasionaron que la laguna de El Farall\u00f3n se secara en un 90 por ciento. As\u00ed lo denunci\u00f3 Manolo Acosta Dom\u00ednguez, presidente de la Sociedad Cooperativa El Farall\u00f3n-El Llano, quien a\u00f1adi\u00f3 [&hellip;]<\/p>\n","protected":false},"author":1,"featured_media":13086,"comment_status":"open","ping_status":"open","sticky":false,"template":"","format":"standard","meta":{"_jetpack_memberships_contains_paid_content":false,"footnotes":""},"categories":[2],"tags":[],"class_list":["post-13088","post","type-post","status-publish","format-standard","has-post-thumbnail","hentry","category-estado"],"jetpack_featured_media_url":"https:\/\/encuentroinformativo.com.mx\/wp-content\/uploads\/2021\/04\/B62C5225-40CE-4029-87FA-23D98BC3E9DB.jpeg","jetpack_sharing_enabled":true,"jetpack_likes_enabled":true,"amp_enabled":true,"_links":{"self":[{"href":"https:\/\/encuentroinformativo.com.mx\/index.php?rest_route=\/wp\/v2\/posts\/13088","targetHints":{"allow":["GET"]}}],"collection":[{"href":"https:\/\/encuentroinformativo.com.mx\/index.php?rest_route=\/wp\/v2\/posts"}],"about":[{"href":"https:\/\/encuentroinformativo.com.mx\/index.php?rest_route=\/wp\/v2\/types\/post"}],"author":[{"embeddable":true,"href":"https:\/\/encuentroinformativo.com.mx\/index.php?rest_route=\/wp\/v2\/users\/1"}],"replies":[{"embeddable":true,"href":"https:\/\/encuentroinformativo.com.mx\/index.php?rest_route=%2Fwp%2Fv2%2Fcomments&post=13088"}],"version-history":[{"count":1,"href":"https:\/\/encuentroinformativo.com.mx\/index.php?rest_route=\/wp\/v2\/posts\/13088\/revisions"}],"predecessor-version":[{"id":13089,"href":"https:\/\/encuentroinformativo.com.mx\/index.php?rest_route=\/wp\/v2\/posts\/13088\/revisions\/13089"}],"wp:featuredmedia":[{"embeddable":true,"href":"https:\/\/encuentroinformativo.com.mx\/index.php?rest_route=\/wp\/v2\/media\/13086"}],"wp:attachment":[{"href":"https:\/\/encuentroinformativo.com.mx\/index.php?rest_route=%2Fwp%2Fv2%2Fmedia&parent=13088"}],"wp:term":[{"taxonomy":"category","embeddable":true,"href":"https:\/\/encuentroinformativo.com.mx\/index.php?rest_route=%2Fwp%2Fv2%2Fcategories&post=13088"},{"taxonomy":"post_tag","embeddable":true,"href":"https:\/\/encuentroinformativo.com.mx\/index.php?rest_route=%2Fwp%2Fv2%2Ftags&post=13088"}],"curies":[{"name":"wp","href":"https:\/\/api.w.org\/{rel}","templated":true}]}}