{"id":13090,"date":"2021-04-19T14:19:30","date_gmt":"2021-04-19T19:19:30","guid":{"rendered":"https:\/\/encuentroinformativo.com.mx\/?p=13090"},"modified":"2021-04-19T14:19:34","modified_gmt":"2021-04-19T19:19:34","slug":"taxistas-piden-aplicar-codigo-penal-a-conductores-de-aplicaciones-moviles","status":"publish","type":"post","link":"https:\/\/encuentroinformativo.com.mx\/?p=13090","title":{"rendered":"Taxistas piden aplicar C\u00f3digo Penal a conductores de aplicaciones m\u00f3viles"},"content":{"rendered":"\n<p><strong>Alejandro \u00c1vila<\/strong><\/p>\n\n\n\n<p>Boca del R\u00edo, Ver.- Cerca de dos mil unidades de taxi, agremiadas al Movimiento Nacional Taxista, realizaron una caravana por el bulevar \u201cAdolfo Ruiz Cortines\u201d hasta llegar al C5, donde exigieron se apliquen las sanciones penales en contra de las personas que transporten pasajeros a trav\u00e9s de una aplicaci\u00f3n m\u00f3vil extranjera.<\/p>\n\n\n\n<p>Ignacio Rodr\u00edguez, vocero del Movimiento Nacional Taxista hizo un llamado al gobernador Cuitl\u00e1huac Garc\u00eda Jim\u00e9nez, para que revise el actuar del director de Transporte P\u00fablico, Jorge Alarc\u00f3n Palmeros, ya que lo acus\u00f3 de no realizar bien su trabajo, debido a que existen decenas de autos particulares en la zona conurbada de Veracruz, que recogen pasaje, violando de esta manera la ley.<\/p>\n\n\n\n<p>\u201cPedimos tambi\u00e9n que se aplique el C\u00f3digo Penal en su art\u00edculo 272 bis, que establece muy claramente una pena para quien cometa el delito de transportar ilegalmente pasajeros, es decir sin contar con la debida concesi\u00f3n o permiso otorga por la direcci\u00f3n de transporte, que a su vez depende de la Secretar\u00eda de Seguridad P\u00fablica\u201d, asest\u00f3, Ignacio Rodr\u00edguez.<\/p>\n\n\n\n<p>Dicha movilizaci\u00f3n que dur\u00f3 poco m\u00e1s de 3 horas, estuvo respaldada por l\u00edderes taxistas de \u00a0Quintana Roo, Chiapas, Ciudad de M\u00e9xico, Estado de M\u00e9xico y Puebla.<\/p>\n\n\n\n<p>A su llegada al C5, los taxistas se estacionaron de forma vertical bloqueando ambas v\u00edas, dejando solo dos de los seis carriles libres, uno para transita de sur a norte y otro para transitar de norte a sur; mientras los lideres sosten\u00edan una reuni\u00f3n dentro del inmueble con autoridades estatales.<\/p>\n","protected":false},"excerpt":{"rendered":"<p>Alejandro \u00c1vila Boca del R\u00edo, Ver.- Cerca de dos mil unidades de taxi, agremiadas al Movimiento Nacional Taxista, realizaron una caravana por el bulevar \u201cAdolfo Ruiz Cortines\u201d hasta llegar al C5, donde exigieron se apliquen las sanciones penales en contra de las personas que transporten pasajeros a trav\u00e9s de una aplicaci\u00f3n m\u00f3vil extranjera. Ignacio Rodr\u00edguez, [&hellip;]<\/p>\n","protected":false},"author":1,"featured_media":13091,"comment_status":"open","ping_status":"open","sticky":false,"template":"","format":"standard","meta":{"_jetpack_memberships_contains_paid_content":false,"footnotes":""},"categories":[2],"tags":[],"class_list":["post-13090","post","type-post","status-publish","format-standard","has-post-thumbnail","hentry","category-estado"],"jetpack_featured_media_url":"https:\/\/encuentroinformativo.com.mx\/wp-content\/uploads\/2021\/04\/104C2D5B-8E57-401F-94BF-70545E24ADAE.jpeg","jetpack_sharing_enabled":true,"jetpack_likes_enabled":true,"amp_enabled":true,"_links":{"self":[{"href":"https:\/\/encuentroinformativo.com.mx\/index.php?rest_route=\/wp\/v2\/posts\/13090","targetHints":{"allow":["GET"]}}],"collection":[{"href":"https:\/\/encuentroinformativo.com.mx\/index.php?rest_route=\/wp\/v2\/posts"}],"about":[{"href":"https:\/\/encuentroinformativo.com.mx\/index.php?rest_route=\/wp\/v2\/types\/post"}],"author":[{"embeddable":true,"href":"https:\/\/encuentroinformativo.com.mx\/index.php?rest_route=\/wp\/v2\/users\/1"}],"replies":[{"embeddable":true,"href":"https:\/\/encuentroinformativo.com.mx\/index.php?rest_route=%2Fwp%2Fv2%2Fcomments&post=13090"}],"version-history":[{"count":1,"href":"https:\/\/encuentroinformativo.com.mx\/index.php?rest_route=\/wp\/v2\/posts\/13090\/revisions"}],"predecessor-version":[{"id":13092,"href":"https:\/\/encuentroinformativo.com.mx\/index.php?rest_route=\/wp\/v2\/posts\/13090\/revisions\/13092"}],"wp:featuredmedia":[{"embeddable":true,"href":"https:\/\/encuentroinformativo.com.mx\/index.php?rest_route=\/wp\/v2\/media\/13091"}],"wp:attachment":[{"href":"https:\/\/encuentroinformativo.com.mx\/index.php?rest_route=%2Fwp%2Fv2%2Fmedia&parent=13090"}],"wp:term":[{"taxonomy":"category","embeddable":true,"href":"https:\/\/encuentroinformativo.com.mx\/index.php?rest_route=%2Fwp%2Fv2%2Fcategories&post=13090"},{"taxonomy":"post_tag","embeddable":true,"href":"https:\/\/encuentroinformativo.com.mx\/index.php?rest_route=%2Fwp%2Fv2%2Ftags&post=13090"}],"curies":[{"name":"wp","href":"https:\/\/api.w.org\/{rel}","templated":true}]}}