{"id":13096,"date":"2021-04-19T15:18:04","date_gmt":"2021-04-19T20:18:04","guid":{"rendered":"https:\/\/encuentroinformativo.com.mx\/?p=13096"},"modified":"2021-04-19T15:18:08","modified_gmt":"2021-04-19T20:18:08","slug":"autoridades-negaron-apoyo-a-ciclista-profesional","status":"publish","type":"post","link":"https:\/\/encuentroinformativo.com.mx\/?p=13096","title":{"rendered":"Autoridades negaron apoyo a ciclista profesional"},"content":{"rendered":"\n<p><strong>Dar\u00edo Pale <\/strong><\/p>\n\n\n\n<p>Xalapa, Ver.- Al ciclista profesional Juan Ignacio Contreras S\u00e1nchez conocido como \u201cNacho Contreras\u201d se le neg\u00f3 el apoyo por parte de la Asociaci\u00f3n de Ciclismo del Estado de Veracruz, al no proporcionarle el aval para poder competir en el Campeonato Nacional Elite de pista en Nuevo Le\u00f3n.<\/p>\n\n\n\n<p>Coment\u00f3 que es lamentable la situaci\u00f3n, ya que el Presidente Reynaldo Gonz\u00e1lez, Notario de la Asociaci\u00f3n del Estado de Veracruz no le dio luz verde para asistir a la competencia, \u201csomos 4 ciclistas de pista en todo el Estado de Veracruz y siempre damos excelentes resultados a pesar de no contar en estos momentos con las instalaciones del vel\u00f3dromo, siempre buscamos la manera de superar todos los obst\u00e1culos y el a\u00f1o pasado le dimos al Estado medallas de Oro y Plata\u201d.<\/p>\n\n\n\n<p>El a\u00f1o pasado asist\u00ed y represent\u00e9 los colores de mi Estado y siempre con apoyo del Gobierno y por parte del Instituto Veracruzano del Deporte, pero en esta ocasi\u00f3n por cuestiones administrativas y personales el Presidente de la Asociaci\u00f3n de Ciclismo del Estado de Veracruz, no me dio su aval para defender al ciclismo veracruzano, reiter\u00f3.<\/p>\n","protected":false},"excerpt":{"rendered":"<p>Dar\u00edo Pale Xalapa, Ver.- Al ciclista profesional Juan Ignacio Contreras S\u00e1nchez conocido como \u201cNacho Contreras\u201d se le neg\u00f3 el apoyo por parte de la Asociaci\u00f3n de Ciclismo del Estado de Veracruz, al no proporcionarle el aval para poder competir en el Campeonato Nacional Elite de pista en Nuevo Le\u00f3n. Coment\u00f3 que es lamentable la situaci\u00f3n, [&hellip;]<\/p>\n","protected":false},"author":1,"featured_media":13097,"comment_status":"open","ping_status":"open","sticky":false,"template":"","format":"standard","meta":{"_jetpack_memberships_contains_paid_content":false,"footnotes":""},"categories":[8],"tags":[],"class_list":["post-13096","post","type-post","status-publish","format-standard","has-post-thumbnail","hentry","category-region"],"jetpack_featured_media_url":"https:\/\/encuentroinformativo.com.mx\/wp-content\/uploads\/2021\/04\/3E71DAC2-BDB4-4A30-9AA3-426E8ABCE4CD.jpeg","jetpack_sharing_enabled":true,"jetpack_likes_enabled":true,"amp_enabled":true,"_links":{"self":[{"href":"https:\/\/encuentroinformativo.com.mx\/index.php?rest_route=\/wp\/v2\/posts\/13096","targetHints":{"allow":["GET"]}}],"collection":[{"href":"https:\/\/encuentroinformativo.com.mx\/index.php?rest_route=\/wp\/v2\/posts"}],"about":[{"href":"https:\/\/encuentroinformativo.com.mx\/index.php?rest_route=\/wp\/v2\/types\/post"}],"author":[{"embeddable":true,"href":"https:\/\/encuentroinformativo.com.mx\/index.php?rest_route=\/wp\/v2\/users\/1"}],"replies":[{"embeddable":true,"href":"https:\/\/encuentroinformativo.com.mx\/index.php?rest_route=%2Fwp%2Fv2%2Fcomments&post=13096"}],"version-history":[{"count":1,"href":"https:\/\/encuentroinformativo.com.mx\/index.php?rest_route=\/wp\/v2\/posts\/13096\/revisions"}],"predecessor-version":[{"id":13098,"href":"https:\/\/encuentroinformativo.com.mx\/index.php?rest_route=\/wp\/v2\/posts\/13096\/revisions\/13098"}],"wp:featuredmedia":[{"embeddable":true,"href":"https:\/\/encuentroinformativo.com.mx\/index.php?rest_route=\/wp\/v2\/media\/13097"}],"wp:attachment":[{"href":"https:\/\/encuentroinformativo.com.mx\/index.php?rest_route=%2Fwp%2Fv2%2Fmedia&parent=13096"}],"wp:term":[{"taxonomy":"category","embeddable":true,"href":"https:\/\/encuentroinformativo.com.mx\/index.php?rest_route=%2Fwp%2Fv2%2Fcategories&post=13096"},{"taxonomy":"post_tag","embeddable":true,"href":"https:\/\/encuentroinformativo.com.mx\/index.php?rest_route=%2Fwp%2Fv2%2Ftags&post=13096"}],"curies":[{"name":"wp","href":"https:\/\/api.w.org\/{rel}","templated":true}]}}