{"id":13102,"date":"2021-04-19T15:35:15","date_gmt":"2021-04-19T20:35:15","guid":{"rendered":"https:\/\/encuentroinformativo.com.mx\/?p=13102"},"modified":"2021-04-19T15:35:20","modified_gmt":"2021-04-19T20:35:20","slug":"por-pandemia-crecio-comercio-informal-canaco","status":"publish","type":"post","link":"https:\/\/encuentroinformativo.com.mx\/?p=13102","title":{"rendered":"Por pandemia creci\u00f3 comercio informal: CANACO"},"content":{"rendered":"\n<p><strong>Alejandro \u00c1vila<\/strong><\/p>\n\n\n\n<p>Veracruz, Ver.- Debido al cierre de diversas empresas por la pandemia, decenas de ex empleados tuvieron que buscar la manera de llevar el sustento a sus hogares, por lo que desarrollaron peque\u00f1os comercios informales, que a la fecha, supera al comercio informal, apunt\u00f3 la C\u00e1mara Nacional de Comercio delegaci\u00f3n Veracruz.<\/p>\n\n\n\n<p>Jos\u00e9 Antonio Mendoza Garc\u00eda, presidente de la CANACO Veracruz, expuso que hasta hace unas semanas, tiene registro que solo el 10 por ciento de las empresas que cerraron por pandemia han podido abrir nuevamente, y se encuentran en proyectos para volver a re lanzar el restante 90 por ciento.<\/p>\n\n\n\n<p>&#8220;El comercio informal pues ha crecido, est\u00e1bamos\u00a0en un 50 &#8211; 50, ahorita subi\u00f3 aproximadamente un 15 por ciento el comercio informal, y es grave porque nosotros estamos ahora en una situaci\u00f3n diferente, entonces tenemos que trabajar mucho para recuperar ese terreno, de por si es bastante fuerte el intentar que el comercio informal se sume al comercio formal&#8221;, declar\u00f3.<\/p>\n\n\n\n<p>As\u00ed mismo, aprovech\u00f3 para denunciar que es la fecha en que las autoridades estatales no han ayudado en nada a la iniciativa privada para salir del \u201cbache\u201d, y a pesar de que se les ha solicitado un programa para incentivar la reactivaci\u00f3n de empresas y la econom\u00eda, siguen siendo olvidados por el Gobierno del Estado.<\/p>\n\n\n\n<p>\u201cClaro que s\u00ed lo hemos pedido pero no ha habido, apoyos fiscales, apoyos econ\u00f3micos, apoyos de capacitaci\u00f3n se ha dado, pero pues en sectores de turismo, promoviendo los certificados y esto pues no ayuda en el crecimiento, lo que necesitamos es la reactivaci\u00f3n de las empresas\u201d, remat\u00f3.<\/p>\n","protected":false},"excerpt":{"rendered":"<p>Alejandro \u00c1vila Veracruz, Ver.- Debido al cierre de diversas empresas por la pandemia, decenas de ex empleados tuvieron que buscar la manera de llevar el sustento a sus hogares, por lo que desarrollaron peque\u00f1os comercios informales, que a la fecha, supera al comercio informal, apunt\u00f3 la C\u00e1mara Nacional de Comercio delegaci\u00f3n Veracruz. Jos\u00e9 Antonio Mendoza [&hellip;]<\/p>\n","protected":false},"author":1,"featured_media":13103,"comment_status":"open","ping_status":"open","sticky":false,"template":"","format":"standard","meta":{"_jetpack_memberships_contains_paid_content":false,"footnotes":""},"categories":[2],"tags":[],"class_list":["post-13102","post","type-post","status-publish","format-standard","has-post-thumbnail","hentry","category-estado"],"jetpack_featured_media_url":"https:\/\/encuentroinformativo.com.mx\/wp-content\/uploads\/2021\/04\/D804157C-DDA1-45FC-B26E-EBDF87CB300D.jpeg","jetpack_sharing_enabled":true,"jetpack_likes_enabled":true,"amp_enabled":true,"_links":{"self":[{"href":"https:\/\/encuentroinformativo.com.mx\/index.php?rest_route=\/wp\/v2\/posts\/13102","targetHints":{"allow":["GET"]}}],"collection":[{"href":"https:\/\/encuentroinformativo.com.mx\/index.php?rest_route=\/wp\/v2\/posts"}],"about":[{"href":"https:\/\/encuentroinformativo.com.mx\/index.php?rest_route=\/wp\/v2\/types\/post"}],"author":[{"embeddable":true,"href":"https:\/\/encuentroinformativo.com.mx\/index.php?rest_route=\/wp\/v2\/users\/1"}],"replies":[{"embeddable":true,"href":"https:\/\/encuentroinformativo.com.mx\/index.php?rest_route=%2Fwp%2Fv2%2Fcomments&post=13102"}],"version-history":[{"count":1,"href":"https:\/\/encuentroinformativo.com.mx\/index.php?rest_route=\/wp\/v2\/posts\/13102\/revisions"}],"predecessor-version":[{"id":13104,"href":"https:\/\/encuentroinformativo.com.mx\/index.php?rest_route=\/wp\/v2\/posts\/13102\/revisions\/13104"}],"wp:featuredmedia":[{"embeddable":true,"href":"https:\/\/encuentroinformativo.com.mx\/index.php?rest_route=\/wp\/v2\/media\/13103"}],"wp:attachment":[{"href":"https:\/\/encuentroinformativo.com.mx\/index.php?rest_route=%2Fwp%2Fv2%2Fmedia&parent=13102"}],"wp:term":[{"taxonomy":"category","embeddable":true,"href":"https:\/\/encuentroinformativo.com.mx\/index.php?rest_route=%2Fwp%2Fv2%2Fcategories&post=13102"},{"taxonomy":"post_tag","embeddable":true,"href":"https:\/\/encuentroinformativo.com.mx\/index.php?rest_route=%2Fwp%2Fv2%2Ftags&post=13102"}],"curies":[{"name":"wp","href":"https:\/\/api.w.org\/{rel}","templated":true}]}}