{"id":13108,"date":"2021-04-19T16:50:56","date_gmt":"2021-04-19T21:50:56","guid":{"rendered":"https:\/\/encuentroinformativo.com.mx\/?p=13108"},"modified":"2021-04-19T16:51:00","modified_gmt":"2021-04-19T21:51:00","slug":"confia-fesapauv-en-proceso-de-vacunacion-para-docentes","status":"publish","type":"post","link":"https:\/\/encuentroinformativo.com.mx\/?p=13108","title":{"rendered":"Conf\u00eda FESAPAUV en proceso de vacunaci\u00f3n para docentes"},"content":{"rendered":"\n<p><strong>Dar\u00edo Pale<\/strong><\/p>\n\n\n\n<p>Xalapa, Ver.- Los\u00a0trabajadores de la m\u00e1xima Casa de Estudios se podr\u00e1n vacunar y no deber\u00e1 haber ning\u00fan problema, as\u00ed lo asegur\u00f3 el\u00a0secretario general del Sindicato Estatal de Personal Acad\u00e9mico de la Universidad Veracruzana (Fesapauv), Enrique Levet Gorozpe.<\/p>\n\n\n\n<p>En entrevista dio a conocer que hay que referir que el gobernador Cuitl\u00e1huac Garc\u00eda Jim\u00e9nez indic\u00f3 que ser\u00e1 en mesas especiales en cada una de las sedes de vacunaci\u00f3n, donde se atender\u00e1n de manera particular algunas situaciones de docentes que trabajen por hora o no tengan una base.<\/p>\n\n\n\n<p>En ese sentido, Levet Gorozpe indic\u00f3 que todos aquellos que tengan su \u00faltimo tal\u00f3n de pago y credencial de la Universidad o su constancia que se les expedir\u00e1, podr\u00e1n vacunarse, indic\u00f3 que adem\u00e1s deber\u00e1n presentar la documentaci\u00f3n que est\u00e1 solicitando la autoridad para llevar a cabo la vacunaci\u00f3n a partir de este martes.<\/p>\n\n\n\n<p>Record\u00f3 que la Universidad Veracruzana tiene alrededor de 12 mil trabajadores tanto acad\u00e9micos, t\u00e9cnicos administrativos y manuales, los de confianza que podr\u00e1n acceder a la vacuna Cansino.<\/p>\n\n\n\n<p>Levet Gorozpe aclar\u00f3 que en el tema del regreso a clases presenciales, se tendr\u00e1n que analizar las condiciones para hacerlo porque los estudiantes se pueden contagiar y a su vez contagiar a otros, por lo\u00a0que se tendr\u00e1n que revisar otras experiencias como las del estado de Campeche que a partir de este lunes regresaron a clases, pero no sabe bajo qu\u00e9 condiciones.<\/p>\n\n\n\n<p>&#8220;Entraban hoy y se comenzaba a hacer la prueba para analizar las condiciones en las que se van a presentar&#8221;, finaliz\u00f3.<\/p>\n","protected":false},"excerpt":{"rendered":"<p>Dar\u00edo Pale Xalapa, Ver.- Los\u00a0trabajadores de la m\u00e1xima Casa de Estudios se podr\u00e1n vacunar y no deber\u00e1 haber ning\u00fan problema, as\u00ed lo asegur\u00f3 el\u00a0secretario general del Sindicato Estatal de Personal Acad\u00e9mico de la Universidad Veracruzana (Fesapauv), Enrique Levet Gorozpe. En entrevista dio a conocer que hay que referir que el gobernador Cuitl\u00e1huac Garc\u00eda Jim\u00e9nez indic\u00f3 [&hellip;]<\/p>\n","protected":false},"author":1,"featured_media":13109,"comment_status":"open","ping_status":"open","sticky":false,"template":"","format":"standard","meta":{"_jetpack_memberships_contains_paid_content":false,"footnotes":""},"categories":[2],"tags":[],"class_list":["post-13108","post","type-post","status-publish","format-standard","has-post-thumbnail","hentry","category-estado"],"jetpack_featured_media_url":"https:\/\/encuentroinformativo.com.mx\/wp-content\/uploads\/2021\/04\/D6F89E16-4BAB-4F9B-80E0-EC846F17C31B.jpeg","jetpack_sharing_enabled":true,"jetpack_likes_enabled":true,"amp_enabled":true,"_links":{"self":[{"href":"https:\/\/encuentroinformativo.com.mx\/index.php?rest_route=\/wp\/v2\/posts\/13108","targetHints":{"allow":["GET"]}}],"collection":[{"href":"https:\/\/encuentroinformativo.com.mx\/index.php?rest_route=\/wp\/v2\/posts"}],"about":[{"href":"https:\/\/encuentroinformativo.com.mx\/index.php?rest_route=\/wp\/v2\/types\/post"}],"author":[{"embeddable":true,"href":"https:\/\/encuentroinformativo.com.mx\/index.php?rest_route=\/wp\/v2\/users\/1"}],"replies":[{"embeddable":true,"href":"https:\/\/encuentroinformativo.com.mx\/index.php?rest_route=%2Fwp%2Fv2%2Fcomments&post=13108"}],"version-history":[{"count":1,"href":"https:\/\/encuentroinformativo.com.mx\/index.php?rest_route=\/wp\/v2\/posts\/13108\/revisions"}],"predecessor-version":[{"id":13110,"href":"https:\/\/encuentroinformativo.com.mx\/index.php?rest_route=\/wp\/v2\/posts\/13108\/revisions\/13110"}],"wp:featuredmedia":[{"embeddable":true,"href":"https:\/\/encuentroinformativo.com.mx\/index.php?rest_route=\/wp\/v2\/media\/13109"}],"wp:attachment":[{"href":"https:\/\/encuentroinformativo.com.mx\/index.php?rest_route=%2Fwp%2Fv2%2Fmedia&parent=13108"}],"wp:term":[{"taxonomy":"category","embeddable":true,"href":"https:\/\/encuentroinformativo.com.mx\/index.php?rest_route=%2Fwp%2Fv2%2Fcategories&post=13108"},{"taxonomy":"post_tag","embeddable":true,"href":"https:\/\/encuentroinformativo.com.mx\/index.php?rest_route=%2Fwp%2Fv2%2Ftags&post=13108"}],"curies":[{"name":"wp","href":"https:\/\/api.w.org\/{rel}","templated":true}]}}