{"id":13116,"date":"2021-04-20T09:46:08","date_gmt":"2021-04-20T14:46:08","guid":{"rendered":"https:\/\/encuentroinformativo.com.mx\/?p=13116"},"modified":"2021-04-20T09:46:12","modified_gmt":"2021-04-20T14:46:12","slug":"mayl-contra-las-cuerdas","status":"publish","type":"post","link":"https:\/\/encuentroinformativo.com.mx\/?p=13116","title":{"rendered":"MAYL, contra las cuerdas"},"content":{"rendered":"\n<p><strong>Los Pol\u00edticos<\/strong><\/p>\n\n\n\n<p><strong>Salvador Mu\u00f1oz<\/strong><\/p>\n\n\n\n<p>Cuenta la leyenda que siendo Gobernador Miguel Alem\u00e1n Velasco, pidi\u00f3 a Adolfo Mota que diera un mensaje a Miguel \u00c1ngel Yunes Linares. Cuentan que abordaron un helic\u00f3ptero donde all\u00ed, el entonces presidente del partidazo, le dio la mala nueva al vecino de Soledad de Doblado: no iba a ser candidato a la gubernatura porque la disputa para tal encomienda ser\u00eda entre Alejandro Montano Guzm\u00e1n y Fidel Herrera Beltr\u00e1n.<\/p>\n\n\n\n<p>Para Yunes Linares, de manera personal, era una segunda derrota casi al hilo\u2026 recuerden que en el 98 del siglo pasado, siendo presidente del partido que lo vio nacer, tuvo una serie de fracasos electorales que en aquellos tiempos, eran inadmisibles. Al poco tiempo del anuncio de Mota, renunci\u00f3 al PRI\u2026 Cuentan que por eso no pod\u00eda ver ni en pintura al hoy candidato del PRI por el distrito VIII de Xalapa, Adolfo Mota\u2026 y curioso, sepa si el pragmatismo hoy los haya unido o no.<\/p>\n\n\n\n<p>II<\/p>\n\n\n\n<p>Miguel \u00c1ngel Yunes Linares debiera ser considerado un pol\u00edtico \u201cdel Bronx\u201d&#8230; sabe lo que es estar contra las cuerdas, ser vapuleado, tener en contra a toda la prensa, y aun as\u00ed, crecerse al castigo.<\/p>\n\n\n\n<p>Fue considerado un pol\u00edtico explosivo, temperamental\u2026 quiz\u00e1s para algunos, siga siendo todav\u00eda el mismo pol\u00edtico de car\u00e1cter cabr\u00f3n, aunque en estos momentos con una ligera diferencia: de explosivo ha pasado a ser implosivo.<\/p>\n\n\n\n<p>S\u00ed, era evidente que cuando los reporteros cuestionaban al Gobernador, y hab\u00eda alguna pregunta que lo incomodara, se le notaba, pero ya no era el mismo Yunes Linares de cuando era secretario de Gobierno\u2026 no, no lo suaviz\u00f3 el tiempo, simplemente lo madur\u00f3. S\u00ed, y tambi\u00e9n las derrotas, porque de ellas tambi\u00e9n se aprende.<\/p>\n\n\n\n<p>III<\/p>\n\n\n\n<p>Hoy, cuando la FGR y la Unidad de Inteligencia Financiera lo colocan en la palestra, es evidente que lejos de exhibir al chole\u00f1o, exhiben la novatez electoral de quien por primera vez sabe lo que es tener una sart\u00e9n por el mango. Haga memoria y recuerde en cu\u00e1ntos procesos electorales Miguel \u00c1ngel Yunes Linares ha sido llevado al cenit de la villan\u00eda\u2026 cu\u00e1ntos l\u00edbelos no se publicaron con su imagen\u2026 cu\u00e1ntos apodos por encargo fueron motejados a su persona y que alcanzaron en un momento dado, hasta a sus hijos\u2026 cu\u00e1ntas veces no se le ha puesto como el Enemigo N\u00famero 1 de la entidad\u2026<\/p>\n\n\n\n<p>Tal parece que as\u00ed como ocurri\u00f3 en su momento con Fidel Herrera Beltr\u00e1n y Javier Duarte de Ochoa, hoy con el r\u00e9gimen de Morena, Miguel \u00c1ngel Yunes Linares vuelve a ser objeto de \u201crecurso electoral\u201d en un proceso que desde su inicio, est\u00e1 m\u00e1s que puesto para \u201cjudicializarse\u201d, ya sea con denuncias, aprehensiones, se\u00f1alamientos y dem\u00e1s.<\/p>\n\n\n\n<p>IV<br>Digo, uno no se espanta ni extra\u00f1a de ello. El mismo Miguel \u00c1ngel Yunes Linares tuvo como bandera el combate a la corrupci\u00f3n y siendo gobierno, actu\u00f3 en consecuencia, tanto que otros de los se\u00f1alados por el ex gobernador y objeto de su cacer\u00eda, hoy son tambi\u00e9n \u201crecurso electoral\u201d del gobierno federal: Javier Duarte de Ochoa y Karime Mac\u00edas.<\/p>\n\n\n\n<p>La diferencia entre Yunes Linares y los otros, es que mientras el chole\u00f1o por cada golpe que recibe devuelve en la misma proporci\u00f3n, Javier Duarte, extra\u00f1amente, calla \u00a1ni para defender a Karime!<\/p>\n\n\n\n<p>Se desconoce hasta d\u00f3nde llegue ahora la nueva persecuci\u00f3n electoral que hoy, por en\u00e9sima ocasi\u00f3n, vive Yunes Linares, un pol\u00edtico que en este siglo, parece \u201cmanda\u201d que en la mayor\u00eda de los rounds est\u00e9 contra las cuerdas\u2026 en el box, la t\u00e9cnica se llama Rope-a-dope, misma que muchas veces utiliz\u00f3 Muhammad Al\u00ed.<\/p>\n\n\n\n<p><a href=\"mailto:smcainito@gmail.com\" target=\"_blank\" rel=\"noreferrer noopener\">smcainito@gmail.com<\/a><\/p>\n","protected":false},"excerpt":{"rendered":"<p>Los Pol\u00edticos Salvador Mu\u00f1oz Cuenta la leyenda que siendo Gobernador Miguel Alem\u00e1n Velasco, pidi\u00f3 a Adolfo Mota que diera un mensaje a Miguel \u00c1ngel Yunes Linares. Cuentan que abordaron un helic\u00f3ptero donde all\u00ed, el entonces presidente del partidazo, le dio la mala nueva al vecino de Soledad de Doblado: no iba a ser candidato a [&hellip;]<\/p>\n","protected":false},"author":1,"featured_media":70,"comment_status":"open","ping_status":"open","sticky":false,"template":"","format":"standard","meta":{"_jetpack_memberships_contains_paid_content":false,"footnotes":""},"categories":[11],"tags":[],"class_list":["post-13116","post","type-post","status-publish","format-standard","has-post-thumbnail","hentry","category-opinion"],"jetpack_featured_media_url":"https:\/\/encuentroinformativo.com.mx\/wp-content\/uploads\/2020\/02\/opinion-invitado.jpg","jetpack_sharing_enabled":true,"jetpack_likes_enabled":true,"amp_enabled":true,"_links":{"self":[{"href":"https:\/\/encuentroinformativo.com.mx\/index.php?rest_route=\/wp\/v2\/posts\/13116","targetHints":{"allow":["GET"]}}],"collection":[{"href":"https:\/\/encuentroinformativo.com.mx\/index.php?rest_route=\/wp\/v2\/posts"}],"about":[{"href":"https:\/\/encuentroinformativo.com.mx\/index.php?rest_route=\/wp\/v2\/types\/post"}],"author":[{"embeddable":true,"href":"https:\/\/encuentroinformativo.com.mx\/index.php?rest_route=\/wp\/v2\/users\/1"}],"replies":[{"embeddable":true,"href":"https:\/\/encuentroinformativo.com.mx\/index.php?rest_route=%2Fwp%2Fv2%2Fcomments&post=13116"}],"version-history":[{"count":1,"href":"https:\/\/encuentroinformativo.com.mx\/index.php?rest_route=\/wp\/v2\/posts\/13116\/revisions"}],"predecessor-version":[{"id":13117,"href":"https:\/\/encuentroinformativo.com.mx\/index.php?rest_route=\/wp\/v2\/posts\/13116\/revisions\/13117"}],"wp:featuredmedia":[{"embeddable":true,"href":"https:\/\/encuentroinformativo.com.mx\/index.php?rest_route=\/wp\/v2\/media\/70"}],"wp:attachment":[{"href":"https:\/\/encuentroinformativo.com.mx\/index.php?rest_route=%2Fwp%2Fv2%2Fmedia&parent=13116"}],"wp:term":[{"taxonomy":"category","embeddable":true,"href":"https:\/\/encuentroinformativo.com.mx\/index.php?rest_route=%2Fwp%2Fv2%2Fcategories&post=13116"},{"taxonomy":"post_tag","embeddable":true,"href":"https:\/\/encuentroinformativo.com.mx\/index.php?rest_route=%2Fwp%2Fv2%2Ftags&post=13116"}],"curies":[{"name":"wp","href":"https:\/\/api.w.org\/{rel}","templated":true}]}}