{"id":13118,"date":"2021-04-20T10:54:03","date_gmt":"2021-04-20T15:54:03","guid":{"rendered":"https:\/\/encuentroinformativo.com.mx\/?p=13118"},"modified":"2021-04-20T10:54:08","modified_gmt":"2021-04-20T15:54:08","slug":"jubilados-del-imss-reclaman-pago-de-ahorros","status":"publish","type":"post","link":"https:\/\/encuentroinformativo.com.mx\/?p=13118","title":{"rendered":"Jubilados del IMSS reclaman pago de ahorros"},"content":{"rendered":"\n<p><strong>Dar\u00edo Pale<\/strong><\/p>\n\n\n\n<p>Xalapa, Ver.- Integrantes de la Uni\u00f3n Nacional de Comit\u00e9s del IMSS (UNCIMSS), se manifestaron para solicitar sus ahorros de cesant\u00eda y vejez ya que van a defender su patrimonio familiar, para lo cual se unieron los 31 comit\u00e9s que agrupa a 80 mil trabajadores en el pa\u00eds.<\/p>\n\n\n\n<p>En conferencia de prensa realizada en conocido caf\u00e9 del centro de Xalapa,\u00a0Elizabeth J\u00e1come Rogelio\u00a0dio a conocer los 80 mil Jubilados y pensionados del IMSS que no han recibido sus ahorros de cesant\u00eda y vejez  de que es hora de que despierten y de que luchen para lo cual de buen de unir para defender su patrimonio familiar.<\/p>\n\n\n\n<p>&#8220;Si eres de los que dicen contra el gobierno no se puede, si t\u00fa eres de los indiferentes de los ap\u00e1ticos, compa\u00f1ero t\u00fa eres c\u00f3mplice del gobierno el no hacer nada en contra de la injusticia es complicidad, tu silencio es complicidad, el gobierno no cumple con impartir justicia por la indiferencia, por la apat\u00eda del pueblo&#8221;, se\u00f1al\u00f3.<\/p>\n\n\n\n<p>Dio a conocer que las asamblea de la UNCIMSS de Xalapa acord\u00f3 que hoy se manifestar\u00edan frente al Palacio de Gobierno con la intenci\u00f3n de escuchen su reclamo y que este sea eco para que llegue a palacio nacional ya que de lo contrario ir\u00e1n a todos al Z\u00f3calo para reclamar justicia social al presidente de M\u00e9xico Andr\u00e9s Manuel L\u00f3pez Obrador.<\/p>\n\n\n\n<p>Se\u00f1alaron que pese a que ha apoyado a la cuarta transformaci\u00f3n en todo el pa\u00eds, solo en el mes de marzo se manifestaron en la gira presidencial en Tuxtepec Oaxaca donde cuestionaron el como resolver\u00e1 el problema de la devoluci\u00f3n de los ahorros de cesant\u00eda y vejes de los trabajadores, por lo que hoy nuevamente le solicitan al presidente escuche el reclamo de m\u00e1s de 80 mil familias afectadas en todo el pa\u00eds.<\/p>\n\n\n\n<p>Finalmente se\u00f1alaron que sus ahorros los estuvieron devolviendo durante 18 a\u00f1os y los \u00faltimos seis a\u00f1os no les import\u00f3 que hubiera jurisprudencia, los presidentes de las juntas especiales de la federaci\u00f3n de conciliaci\u00f3n y arbitraje laudaron a favor de ellos y la afor\u00e9 XXI Banorte no se ampar\u00f3.<\/p>\n","protected":false},"excerpt":{"rendered":"<p>Dar\u00edo Pale Xalapa, Ver.- Integrantes de la Uni\u00f3n Nacional de Comit\u00e9s del IMSS (UNCIMSS), se manifestaron para solicitar sus ahorros de cesant\u00eda y vejez ya que van a defender su patrimonio familiar, para lo cual se unieron los 31 comit\u00e9s que agrupa a 80 mil trabajadores en el pa\u00eds. En conferencia de prensa realizada en [&hellip;]<\/p>\n","protected":false},"author":1,"featured_media":13119,"comment_status":"open","ping_status":"open","sticky":false,"template":"","format":"standard","meta":{"_jetpack_memberships_contains_paid_content":false,"footnotes":""},"categories":[3],"tags":[],"class_list":["post-13118","post","type-post","status-publish","format-standard","has-post-thumbnail","hentry","category-xalapa"],"jetpack_featured_media_url":"https:\/\/encuentroinformativo.com.mx\/wp-content\/uploads\/2021\/04\/C40A7B69-EB5E-4E5A-8F64-5FB4472B9DEC.jpeg","jetpack_sharing_enabled":true,"jetpack_likes_enabled":true,"amp_enabled":true,"_links":{"self":[{"href":"https:\/\/encuentroinformativo.com.mx\/index.php?rest_route=\/wp\/v2\/posts\/13118","targetHints":{"allow":["GET"]}}],"collection":[{"href":"https:\/\/encuentroinformativo.com.mx\/index.php?rest_route=\/wp\/v2\/posts"}],"about":[{"href":"https:\/\/encuentroinformativo.com.mx\/index.php?rest_route=\/wp\/v2\/types\/post"}],"author":[{"embeddable":true,"href":"https:\/\/encuentroinformativo.com.mx\/index.php?rest_route=\/wp\/v2\/users\/1"}],"replies":[{"embeddable":true,"href":"https:\/\/encuentroinformativo.com.mx\/index.php?rest_route=%2Fwp%2Fv2%2Fcomments&post=13118"}],"version-history":[{"count":1,"href":"https:\/\/encuentroinformativo.com.mx\/index.php?rest_route=\/wp\/v2\/posts\/13118\/revisions"}],"predecessor-version":[{"id":13120,"href":"https:\/\/encuentroinformativo.com.mx\/index.php?rest_route=\/wp\/v2\/posts\/13118\/revisions\/13120"}],"wp:featuredmedia":[{"embeddable":true,"href":"https:\/\/encuentroinformativo.com.mx\/index.php?rest_route=\/wp\/v2\/media\/13119"}],"wp:attachment":[{"href":"https:\/\/encuentroinformativo.com.mx\/index.php?rest_route=%2Fwp%2Fv2%2Fmedia&parent=13118"}],"wp:term":[{"taxonomy":"category","embeddable":true,"href":"https:\/\/encuentroinformativo.com.mx\/index.php?rest_route=%2Fwp%2Fv2%2Fcategories&post=13118"},{"taxonomy":"post_tag","embeddable":true,"href":"https:\/\/encuentroinformativo.com.mx\/index.php?rest_route=%2Fwp%2Fv2%2Ftags&post=13118"}],"curies":[{"name":"wp","href":"https:\/\/api.w.org\/{rel}","templated":true}]}}