{"id":1313,"date":"2020-03-26T15:15:37","date_gmt":"2020-03-26T21:15:37","guid":{"rendered":"https:\/\/encuentroinformativo.com\/?p=1313"},"modified":"2020-03-26T15:15:39","modified_gmt":"2020-03-26T21:15:39","slug":"ratifican-comisiones-a-carlos-jimenez","status":"publish","type":"post","link":"https:\/\/encuentroinformativo.com.mx\/?p=1313","title":{"rendered":"Ratifican comisiones a Carlos Jim\u00e9nez"},"content":{"rendered":"\n<p><strong>Redacci\u00f3n\u00a0<\/strong><\/p>\n\n\n\n<p>Xalapa, Ver.- Con 44 votos a favor el pleno del Congreso Local aprob\u00f3 la designaci\u00f3n de las comisiones que estar\u00e1n a a cargo del legislador Carlos Jim\u00e9nez \u201cEl Potrillo\u201d.\u00a0<\/p>\n\n\n\n<p>Motivo por el cual el diputado por el distrito VIII con cabecera en Misantla, presidir\u00e1 la comisi\u00f3n de Seguridad P\u00fablica.\u00a0\u00a0<\/p>\n","protected":false},"excerpt":{"rendered":"<p>Redacci\u00f3n\u00a0 Xalapa, Ver.- Con 44 votos a favor el pleno del Congreso Local aprob\u00f3 la designaci\u00f3n de las comisiones que estar\u00e1n a a cargo del legislador Carlos Jim\u00e9nez \u201cEl Potrillo\u201d.\u00a0 Motivo por el cual el diputado por el distrito VIII con cabecera en Misantla, presidir\u00e1 la comisi\u00f3n de Seguridad P\u00fablica.\u00a0\u00a0<\/p>\n","protected":false},"author":1,"featured_media":1314,"comment_status":"open","ping_status":"open","sticky":false,"template":"","format":"standard","meta":{"_jetpack_memberships_contains_paid_content":false,"footnotes":""},"categories":[2],"tags":[],"class_list":["post-1313","post","type-post","status-publish","format-standard","has-post-thumbnail","hentry","category-estado"],"jetpack_featured_media_url":"https:\/\/encuentroinformativo.com.mx\/wp-content\/uploads\/2020\/03\/C6873F2C-7956-4EE4-9C90-510E243F9A70.jpeg","jetpack_sharing_enabled":true,"jetpack_likes_enabled":true,"amp_enabled":true,"_links":{"self":[{"href":"https:\/\/encuentroinformativo.com.mx\/index.php?rest_route=\/wp\/v2\/posts\/1313","targetHints":{"allow":["GET"]}}],"collection":[{"href":"https:\/\/encuentroinformativo.com.mx\/index.php?rest_route=\/wp\/v2\/posts"}],"about":[{"href":"https:\/\/encuentroinformativo.com.mx\/index.php?rest_route=\/wp\/v2\/types\/post"}],"author":[{"embeddable":true,"href":"https:\/\/encuentroinformativo.com.mx\/index.php?rest_route=\/wp\/v2\/users\/1"}],"replies":[{"embeddable":true,"href":"https:\/\/encuentroinformativo.com.mx\/index.php?rest_route=%2Fwp%2Fv2%2Fcomments&post=1313"}],"version-history":[{"count":1,"href":"https:\/\/encuentroinformativo.com.mx\/index.php?rest_route=\/wp\/v2\/posts\/1313\/revisions"}],"predecessor-version":[{"id":1315,"href":"https:\/\/encuentroinformativo.com.mx\/index.php?rest_route=\/wp\/v2\/posts\/1313\/revisions\/1315"}],"wp:featuredmedia":[{"embeddable":true,"href":"https:\/\/encuentroinformativo.com.mx\/index.php?rest_route=\/wp\/v2\/media\/1314"}],"wp:attachment":[{"href":"https:\/\/encuentroinformativo.com.mx\/index.php?rest_route=%2Fwp%2Fv2%2Fmedia&parent=1313"}],"wp:term":[{"taxonomy":"category","embeddable":true,"href":"https:\/\/encuentroinformativo.com.mx\/index.php?rest_route=%2Fwp%2Fv2%2Fcategories&post=1313"},{"taxonomy":"post_tag","embeddable":true,"href":"https:\/\/encuentroinformativo.com.mx\/index.php?rest_route=%2Fwp%2Fv2%2Ftags&post=1313"}],"curies":[{"name":"wp","href":"https:\/\/api.w.org\/{rel}","templated":true}]}}