{"id":13137,"date":"2021-04-20T14:54:40","date_gmt":"2021-04-20T19:54:40","guid":{"rendered":"https:\/\/encuentroinformativo.com.mx\/?p=13137"},"modified":"2021-04-20T14:54:44","modified_gmt":"2021-04-20T19:54:44","slug":"retorno-a-clases-presenciales-es-voluntario-delfina-gomez","status":"publish","type":"post","link":"https:\/\/encuentroinformativo.com.mx\/?p=13137","title":{"rendered":"Retorno a clases presenciales es voluntario: Delfina G\u00f3mez"},"content":{"rendered":"\n<p><strong>Alejandro \u00c1vila<\/strong><\/p>\n\n\n\n<p>Boca del R\u00edo, Ver.- El regreso a clases presenciales ser\u00e1 voluntario y gradual, asegur\u00f3 la secretaria de Educaci\u00f3n P\u00fablica, Delfina G\u00f3mez \u00c1lvarez, quien agreg\u00f3 que las escuelas dependiendo de su matr\u00edcula de alumnos, tambi\u00e9n decidir\u00e1n como ir\u00e1n retomando el regreso a las aulas.<\/p>\n\n\n\n<p>La docente de profesi\u00f3n, explic\u00f3 se ha autorizado que cada municipio o cada escuela plantee sus estrategias de regreso a clases presenciales, dependiendo del contexto en el que se desenvuelva, ya que por ejemplo, las escuelas del Consejo Nacional de Fomento Educativo (CONAFE) tiene grupos reducidos y espacios amplios, pero otras, cuentan con matr\u00edculas muy grandes y su organizaci\u00f3n debe ser diferente, a fin de poder garantizar la seguridad de los alumnos.<\/p>\n\n\n\n<p>\u201cEl regreso\u2026a ver, recordemos que unos de los principios, es que es voluntario, va a haber dos maneras de trabajar, una es presencial con los chicos, con los ni\u00f1os, y otra es, a trav\u00e9s de la manera virtual, que es lo que se ha estado trabajando. Uno de los requisitos que se pide, es que el padre de familia nos haga favor de firmar un acta o un documento, donde est\u00e1 autorizando que su peque\u00f1o puede ya regresar, pero tambi\u00e9n se compromete a que desde su casa tome las medidas que el protocolo de seguridad establece que es, que no tenga temperatura, que est\u00e9n atentos a que no tenga catarritos, tos o alguna incidencia por ah\u00ed de salud, y que lo mande con cubre bocas, que es lo importante\u201d, subray\u00f3.<\/p>\n\n\n\n<p>Mencion\u00f3 que el Estado de Campeche, donde se inici\u00f3 el regreso a clases presencial, d\u00eda a d\u00eda les env\u00eda un reporte de cuantos alumnos llegan a las aulas, cuantos docentes y en qu\u00e9 condiciones aparece o si hay alguna incidencia.<\/p>\n\n\n\n<p>\u201cMe atrevo a decir a los padres de familia, que s\u00ed es importante que regresen los peque\u00f1os, con todas las medidas de seguridad, pero s\u00ed es importante, porque algo que se est\u00e1 dando en nuestros peque\u00f1itos, es ya la ansiedad, es un poco la violencia, es un poco la carencia de ese proceso de sociabilizaci\u00f3n que tiene que tener el peque\u00f1o. Vamos a tener tambi\u00e9n una l\u00ednea para apoyo psico emocional\u201d, asest\u00f3.<br>\u00a0<\/p>\n","protected":false},"excerpt":{"rendered":"<p>Alejandro \u00c1vila Boca del R\u00edo, Ver.- El regreso a clases presenciales ser\u00e1 voluntario y gradual, asegur\u00f3 la secretaria de Educaci\u00f3n P\u00fablica, Delfina G\u00f3mez \u00c1lvarez, quien agreg\u00f3 que las escuelas dependiendo de su matr\u00edcula de alumnos, tambi\u00e9n decidir\u00e1n como ir\u00e1n retomando el regreso a las aulas. La docente de profesi\u00f3n, explic\u00f3 se ha autorizado que cada [&hellip;]<\/p>\n","protected":false},"author":1,"featured_media":13138,"comment_status":"open","ping_status":"open","sticky":false,"template":"","format":"standard","meta":{"_jetpack_memberships_contains_paid_content":false,"footnotes":""},"categories":[2],"tags":[],"class_list":["post-13137","post","type-post","status-publish","format-standard","has-post-thumbnail","hentry","category-estado"],"jetpack_featured_media_url":"https:\/\/encuentroinformativo.com.mx\/wp-content\/uploads\/2021\/04\/DF7734D7-9948-4488-AC20-84E91740A182.jpeg","jetpack_sharing_enabled":true,"jetpack_likes_enabled":true,"amp_enabled":true,"_links":{"self":[{"href":"https:\/\/encuentroinformativo.com.mx\/index.php?rest_route=\/wp\/v2\/posts\/13137","targetHints":{"allow":["GET"]}}],"collection":[{"href":"https:\/\/encuentroinformativo.com.mx\/index.php?rest_route=\/wp\/v2\/posts"}],"about":[{"href":"https:\/\/encuentroinformativo.com.mx\/index.php?rest_route=\/wp\/v2\/types\/post"}],"author":[{"embeddable":true,"href":"https:\/\/encuentroinformativo.com.mx\/index.php?rest_route=\/wp\/v2\/users\/1"}],"replies":[{"embeddable":true,"href":"https:\/\/encuentroinformativo.com.mx\/index.php?rest_route=%2Fwp%2Fv2%2Fcomments&post=13137"}],"version-history":[{"count":1,"href":"https:\/\/encuentroinformativo.com.mx\/index.php?rest_route=\/wp\/v2\/posts\/13137\/revisions"}],"predecessor-version":[{"id":13139,"href":"https:\/\/encuentroinformativo.com.mx\/index.php?rest_route=\/wp\/v2\/posts\/13137\/revisions\/13139"}],"wp:featuredmedia":[{"embeddable":true,"href":"https:\/\/encuentroinformativo.com.mx\/index.php?rest_route=\/wp\/v2\/media\/13138"}],"wp:attachment":[{"href":"https:\/\/encuentroinformativo.com.mx\/index.php?rest_route=%2Fwp%2Fv2%2Fmedia&parent=13137"}],"wp:term":[{"taxonomy":"category","embeddable":true,"href":"https:\/\/encuentroinformativo.com.mx\/index.php?rest_route=%2Fwp%2Fv2%2Fcategories&post=13137"},{"taxonomy":"post_tag","embeddable":true,"href":"https:\/\/encuentroinformativo.com.mx\/index.php?rest_route=%2Fwp%2Fv2%2Ftags&post=13137"}],"curies":[{"name":"wp","href":"https:\/\/api.w.org\/{rel}","templated":true}]}}