{"id":13140,"date":"2021-04-20T15:10:14","date_gmt":"2021-04-20T20:10:14","guid":{"rendered":"https:\/\/encuentroinformativo.com.mx\/?p=13140"},"modified":"2021-04-20T15:10:17","modified_gmt":"2021-04-20T20:10:17","slug":"aplican-mas-de-40-mil-dosis-a-docentes-en-primer-dia-de-vacunacion","status":"publish","type":"post","link":"https:\/\/encuentroinformativo.com.mx\/?p=13140","title":{"rendered":"Aplican m\u00e1s de 40 mil dosis a docentes en primer d\u00eda de vacunaci\u00f3n"},"content":{"rendered":"\n<p><strong>Dar\u00edo Pale <\/strong><\/p>\n\n\n\n<p>Xalapa, Ver.- Un total de 43 mil 297 trabajadoras y trabajadores de la educaci\u00f3n acudieron a las cinco sedes de Veracruz para recibir la vacuna contra el SARS-COV-2 (COVID-19), durante el primer d\u00eda de la jornada de vacunaci\u00f3n a dicho sector de la poblaci\u00f3n.<\/p>\n\n\n\n<p>El titular de la Secretar\u00eda de Educaci\u00f3n de Veracruz (SEV), Zenyazen Escobar Garc\u00eda, recorri\u00f3 las tres subsedes en Xalapa, ubicadas en el Nido Halc\u00f3n; el Gimnasio UV y la Facultad de Ingenier\u00eda, acompa\u00f1ado de la oficial mayor Ariadna Selene Aguilar Amaya y el subsecretario de Desarrollo Educativo, Mois\u00e9s P\u00e9rez Dom\u00ednguez.<\/p>\n\n\n\n<p>El funcionario estatal inform\u00f3 que en Xalapa ser\u00edan vacunados 12 mil 551 trabajadores; en Boca del R\u00edo, 9 mil 495; en Tuxpan, 9 mil 121; en Orizaba, 6 mil 516; y en Coatzacoalcos, 5 mil 615 personas.<\/p>\n\n\n\n<p>Detall\u00f3 que la vacunaci\u00f3n inici\u00f3 a las seis de la ma\u00f1ana en el Instituto Tecnol\u00f3gico Superior de Coatzacoalcos, para evitar que los trabajadores estuvieran expuestos a las altas temperaturas durante el d\u00eda.<\/p>\n\n\n\n<p>\u201cEs una jornada exitosa, en la sede de Coatzacoalcos se empez\u00f3 un poco antes para que no ganar\u00e1 el calor se comenz\u00f3 desde las seis de la ma\u00f1ana; en Orizaba de manera exitosa, en Boca del R\u00edo, en Tuxpan, y aqu\u00ed en las tres sedes que tenemos (Xalapa) es exitosa la jornada de vacunaci\u00f3n\u201d, expres\u00f3.\u00a0<\/p>\n\n\n\n<p>Escobar Garc\u00eda refiri\u00f3 que se han registrado 167 mil 980 trabajadoras y trabajadores de la educaci\u00f3n en la plataforma digital \u201cMi vacuna SEV\u201d, siendo un total de 197 mil 430 personas quienes conforman la plantilla laboral de esta dependencia estatal.&nbsp;<\/p>\n\n\n\n<p>El Secretario de Educaci\u00f3n en Veracruz garantiz\u00f3 que hay vacunas para todas las maestras y maestros, tanto del \u00e1mbito p\u00fablico como privado, de acuerdo con la informaci\u00f3n que ha proporcionado la Secretar\u00eda de Educaci\u00f3n P\u00fablica (SEP).&nbsp;<\/p>\n\n\n\n<p>\u201cEstamos contemplando aquellos maestros que tambi\u00e9n pagan las Sociedades de Padres de Familia, los maestros de ingl\u00e9s, de computaci\u00f3n, los maestros de baile, todos los maestros que al final absorben los pagos, tanto los alcaldes como los padres de familia, los tenemos contemplados\u201d, a\u00f1adi\u00f3.<\/p>\n\n\n\n<p>Finalmente, refiri\u00f3 que en las cinco sedes fueron instalados m\u00f3dulos de incidencias, para atender las quejas o aclarar dudas sobre la vacunaci\u00f3n de los docentes.<\/p>\n","protected":false},"excerpt":{"rendered":"<p>Dar\u00edo Pale Xalapa, Ver.- Un total de 43 mil 297 trabajadoras y trabajadores de la educaci\u00f3n acudieron a las cinco sedes de Veracruz para recibir la vacuna contra el SARS-COV-2 (COVID-19), durante el primer d\u00eda de la jornada de vacunaci\u00f3n a dicho sector de la poblaci\u00f3n. El titular de la Secretar\u00eda de Educaci\u00f3n de Veracruz [&hellip;]<\/p>\n","protected":false},"author":1,"featured_media":13141,"comment_status":"open","ping_status":"open","sticky":false,"template":"","format":"standard","meta":{"_jetpack_memberships_contains_paid_content":false,"footnotes":""},"categories":[2],"tags":[],"class_list":["post-13140","post","type-post","status-publish","format-standard","has-post-thumbnail","hentry","category-estado"],"jetpack_featured_media_url":"https:\/\/encuentroinformativo.com.mx\/wp-content\/uploads\/2021\/04\/A00F1CE0-637E-4211-AE2A-CEFB2C942E84.jpeg","jetpack_sharing_enabled":true,"jetpack_likes_enabled":true,"amp_enabled":true,"_links":{"self":[{"href":"https:\/\/encuentroinformativo.com.mx\/index.php?rest_route=\/wp\/v2\/posts\/13140","targetHints":{"allow":["GET"]}}],"collection":[{"href":"https:\/\/encuentroinformativo.com.mx\/index.php?rest_route=\/wp\/v2\/posts"}],"about":[{"href":"https:\/\/encuentroinformativo.com.mx\/index.php?rest_route=\/wp\/v2\/types\/post"}],"author":[{"embeddable":true,"href":"https:\/\/encuentroinformativo.com.mx\/index.php?rest_route=\/wp\/v2\/users\/1"}],"replies":[{"embeddable":true,"href":"https:\/\/encuentroinformativo.com.mx\/index.php?rest_route=%2Fwp%2Fv2%2Fcomments&post=13140"}],"version-history":[{"count":1,"href":"https:\/\/encuentroinformativo.com.mx\/index.php?rest_route=\/wp\/v2\/posts\/13140\/revisions"}],"predecessor-version":[{"id":13142,"href":"https:\/\/encuentroinformativo.com.mx\/index.php?rest_route=\/wp\/v2\/posts\/13140\/revisions\/13142"}],"wp:featuredmedia":[{"embeddable":true,"href":"https:\/\/encuentroinformativo.com.mx\/index.php?rest_route=\/wp\/v2\/media\/13141"}],"wp:attachment":[{"href":"https:\/\/encuentroinformativo.com.mx\/index.php?rest_route=%2Fwp%2Fv2%2Fmedia&parent=13140"}],"wp:term":[{"taxonomy":"category","embeddable":true,"href":"https:\/\/encuentroinformativo.com.mx\/index.php?rest_route=%2Fwp%2Fv2%2Fcategories&post=13140"},{"taxonomy":"post_tag","embeddable":true,"href":"https:\/\/encuentroinformativo.com.mx\/index.php?rest_route=%2Fwp%2Fv2%2Ftags&post=13140"}],"curies":[{"name":"wp","href":"https:\/\/api.w.org\/{rel}","templated":true}]}}