{"id":13150,"date":"2021-04-20T17:01:13","date_gmt":"2021-04-20T22:01:13","guid":{"rendered":"https:\/\/encuentroinformativo.com.mx\/?p=13150"},"modified":"2021-04-20T17:01:16","modified_gmt":"2021-04-20T22:01:16","slug":"se-preparan-sindicatos-para-desfile-de-dia-del-trabajo","status":"publish","type":"post","link":"https:\/\/encuentroinformativo.com.mx\/?p=13150","title":{"rendered":"Se preparan sindicatos para desfile de D\u00eda del Trabajo"},"content":{"rendered":"\n<p><strong>Juan Arcos<\/strong><\/p>\n\n\n\n<p>Xalapa, Ver.- Diversas organizaciones sindicales del estado de Veracruz acordaron realizar marchas, m\u00edtines y exposiciones para exigir respeto a sus derechos laborales, durante el pr\u00f3ximo primero de mayo, D\u00eda del Trabajo.<\/p>\n\n\n\n<p>As\u00ed lo dio a conocer Acdmer Antonio Galicia Campos, secretario general del Sindicato de Empleados del Poder Ejecutivo de Veracruz, quien a\u00f1adi\u00f3 que la movilizaci\u00f3n se llevar\u00e1 a cabo en esta ciudad capital.<\/p>\n\n\n\n<p>Adem\u00e1s, mencion\u00f3 que en las actividades participar\u00e1n diversas organizaciones, como CROC, CTM, FAOCV, FESAPAUV as\u00ed como los sindicatos de la Fiscal\u00eda, del Poder Ejecutivo, DIF estatal; y comerciantes independientes y transportistas.<\/p>\n\n\n\n<p>Este martes 20 de abril, se realiz\u00f3 la pen\u00faltima reuni\u00f3n para la organizaci\u00f3n de los sindicatos que participar\u00e1n en la conmemoraci\u00f3n del D\u00eda del Trabajo.<\/p>\n\n\n\n<p>Galicia Campos indic\u00f3 que contin\u00faan las violaciones a los derechos de los trabajadores por parte de los patrones y autoridades.<\/p>\n\n\n\n<p>\u201cSe acord\u00f3 realizar diferentes actividades como marchas, mitin y exposiciones para manifestar las diferentes violaciones a la Constituci\u00f3n Pol\u00edtica de los Estados Unidos Mexicanos y las Leyes que de ella emanan por los patrones y autoridades, as\u00ed como las carencias de un gremio trabajador maltratado por la apat\u00eda de las autoridades en resolver sus demandas\u201d.<\/p>\n\n\n\n<p>Cabe recordar que, el a\u00f1o pasado, el desfile conmemorativo del D\u00eda del Trabajo fue suspendido por la pandemia del SARS-COV-2 (COVID-19) y este a\u00f1o podr\u00eda ocurrir lo mismo.<\/p>\n","protected":false},"excerpt":{"rendered":"<p>Juan Arcos Xalapa, Ver.- Diversas organizaciones sindicales del estado de Veracruz acordaron realizar marchas, m\u00edtines y exposiciones para exigir respeto a sus derechos laborales, durante el pr\u00f3ximo primero de mayo, D\u00eda del Trabajo. As\u00ed lo dio a conocer Acdmer Antonio Galicia Campos, secretario general del Sindicato de Empleados del Poder Ejecutivo de Veracruz, quien a\u00f1adi\u00f3 [&hellip;]<\/p>\n","protected":false},"author":1,"featured_media":13151,"comment_status":"open","ping_status":"open","sticky":false,"template":"","format":"standard","meta":{"_jetpack_memberships_contains_paid_content":false,"footnotes":""},"categories":[3],"tags":[],"class_list":["post-13150","post","type-post","status-publish","format-standard","has-post-thumbnail","hentry","category-xalapa"],"jetpack_featured_media_url":"https:\/\/encuentroinformativo.com.mx\/wp-content\/uploads\/2021\/04\/E9DDA763-F0A7-43F1-BDEF-95B25BB76064.jpeg","jetpack_sharing_enabled":true,"jetpack_likes_enabled":true,"amp_enabled":true,"_links":{"self":[{"href":"https:\/\/encuentroinformativo.com.mx\/index.php?rest_route=\/wp\/v2\/posts\/13150","targetHints":{"allow":["GET"]}}],"collection":[{"href":"https:\/\/encuentroinformativo.com.mx\/index.php?rest_route=\/wp\/v2\/posts"}],"about":[{"href":"https:\/\/encuentroinformativo.com.mx\/index.php?rest_route=\/wp\/v2\/types\/post"}],"author":[{"embeddable":true,"href":"https:\/\/encuentroinformativo.com.mx\/index.php?rest_route=\/wp\/v2\/users\/1"}],"replies":[{"embeddable":true,"href":"https:\/\/encuentroinformativo.com.mx\/index.php?rest_route=%2Fwp%2Fv2%2Fcomments&post=13150"}],"version-history":[{"count":1,"href":"https:\/\/encuentroinformativo.com.mx\/index.php?rest_route=\/wp\/v2\/posts\/13150\/revisions"}],"predecessor-version":[{"id":13152,"href":"https:\/\/encuentroinformativo.com.mx\/index.php?rest_route=\/wp\/v2\/posts\/13150\/revisions\/13152"}],"wp:featuredmedia":[{"embeddable":true,"href":"https:\/\/encuentroinformativo.com.mx\/index.php?rest_route=\/wp\/v2\/media\/13151"}],"wp:attachment":[{"href":"https:\/\/encuentroinformativo.com.mx\/index.php?rest_route=%2Fwp%2Fv2%2Fmedia&parent=13150"}],"wp:term":[{"taxonomy":"category","embeddable":true,"href":"https:\/\/encuentroinformativo.com.mx\/index.php?rest_route=%2Fwp%2Fv2%2Fcategories&post=13150"},{"taxonomy":"post_tag","embeddable":true,"href":"https:\/\/encuentroinformativo.com.mx\/index.php?rest_route=%2Fwp%2Fv2%2Ftags&post=13150"}],"curies":[{"name":"wp","href":"https:\/\/api.w.org\/{rel}","templated":true}]}}