{"id":13153,"date":"2021-04-20T17:49:29","date_gmt":"2021-04-20T22:49:29","guid":{"rendered":"https:\/\/encuentroinformativo.com.mx\/?p=13153"},"modified":"2021-04-20T17:49:33","modified_gmt":"2021-04-20T22:49:33","slug":"apoyara-conagua-investigacion-de-sequia-en-laguna-de-el-farallon","status":"publish","type":"post","link":"https:\/\/encuentroinformativo.com.mx\/?p=13153","title":{"rendered":"Apoyar\u00e1 Conagua investigaci\u00f3n de sequ\u00eda en laguna de El Farall\u00f3n"},"content":{"rendered":"\n<p><strong>Juan Arcos<\/strong><\/p>\n\n\n\n<p>Xalapa, Ver.- La Comisi\u00f3n Nacional de Agua (Conagua) contribuir\u00e1n en los estudios para conocer con precisi\u00f3n qu\u00e9 factores ocasionaron la p\u00e9rdida de agua en la laguna de El Farall\u00f3n, municipio de Actopan, hasta en un 90 por ciento.<\/p>\n\n\n\n<p>As\u00ed lo revel\u00f3 el director del Organismo de Cuenca Golfo-Centro, Pablo Robles Barajas, quien a\u00f1adi\u00f3 que la disminuci\u00f3n en los niveles del cuerpo de agua no fue ocasionada por la temporada de estiaje.<\/p>\n\n\n\n<p>En conferencia de prensa, detall\u00f3 que la laguna es competencia del gobierno estatal, pero se coadyuvar\u00e1 con las autoridades para determinar cu\u00e1l es la fuente de abastecimiento de este lugar y buscar una soluci\u00f3n al problema.<\/p>\n\n\n\n<p>\u201cSin duda hay una explotaci\u00f3n. Es un factor humano, alguien se aprovech\u00f3 y tengo entendido que hay campos de ca\u00f1a y ranchos de ganaderos que pudieron estar utilizando sin permiso el agua\u201d.<\/p>\n\n\n\n<p>El funcionario federal detall\u00f3 que la Conagua tiene evidencias de que las mangueras conectadas a la laguna atravesaban la carretera Cardel-Nautla, de manera subterr\u00e1nea.<\/p>\n\n\n\n<p>&#8220;Debieron haber pedido permiso a la Secretar\u00eda de Comunicaciones y Transportes (SCT) para romper la carretera y esas mangueras pasaron por debajo de la carretera para llevar el agua de la laguna El Farall\u00f3n a otros sitios\u201d, enfatiz\u00f3.<\/p>\n\n\n\n<p>Z<strong>ONAS AFECTADAS POR ESTIAJE\u00a0<\/strong><\/p>\n\n\n\n<p>Robles Barajas detall\u00f3 que los municipios con mayor d\u00e9ficit de lluvias en la entidad son: Paso de Ovejas, Puente Nacional, \u00darsulo Galv\u00e1n y Actopan, en este \u00faltimo donde se encuentra la laguna mencionada.<\/p>\n\n\n\n<p>Incluso, se calcula que en dicha zona s\u00f3lo llueven entre 50 y 100 mil\u00edmetros c\u00fabicos durante los primeros cuatro meses del a\u00f1o.<\/p>\n\n\n\n<p>Posteriormente, se encuentran los municipios de Camar\u00f3n de Tejeda, Cotaxtla, Emiliano Zapata, Hueyapan de Ocampo Jamapa, La Antigua, Mario Fabio Altamirano, Medell\u00edn de Bravo, Soledad de Doblado y Tlalixcoyan, donde se registran valores de 100 a 150 mil\u00edmetros c\u00fabicos en esta temporada.<\/p>\n\n\n\n<figure class=\"wp-block-image size-large\"><img loading=\"lazy\" decoding=\"async\" width=\"1024\" height=\"634\" src=\"https:\/\/encuentroinformativo.com.mx\/wp-content\/uploads\/2021\/04\/789D683E-2C45-4A54-9887-450C14DD301D-1024x634.jpeg\" alt=\"\" class=\"wp-image-13155\" srcset=\"https:\/\/encuentroinformativo.com.mx\/wp-content\/uploads\/2021\/04\/789D683E-2C45-4A54-9887-450C14DD301D-1024x634.jpeg 1024w, https:\/\/encuentroinformativo.com.mx\/wp-content\/uploads\/2021\/04\/789D683E-2C45-4A54-9887-450C14DD301D-300x186.jpeg 300w, https:\/\/encuentroinformativo.com.mx\/wp-content\/uploads\/2021\/04\/789D683E-2C45-4A54-9887-450C14DD301D-768x476.jpeg 768w, https:\/\/encuentroinformativo.com.mx\/wp-content\/uploads\/2021\/04\/789D683E-2C45-4A54-9887-450C14DD301D-1536x951.jpeg 1536w, https:\/\/encuentroinformativo.com.mx\/wp-content\/uploads\/2021\/04\/789D683E-2C45-4A54-9887-450C14DD301D.jpeg 1600w\" sizes=\"auto, (max-width: 1024px) 100vw, 1024px\" \/><\/figure>\n","protected":false},"excerpt":{"rendered":"<p>Juan Arcos Xalapa, Ver.- La Comisi\u00f3n Nacional de Agua (Conagua) contribuir\u00e1n en los estudios para conocer con precisi\u00f3n qu\u00e9 factores ocasionaron la p\u00e9rdida de agua en la laguna de El Farall\u00f3n, municipio de Actopan, hasta en un 90 por ciento. As\u00ed lo revel\u00f3 el director del Organismo de Cuenca Golfo-Centro, Pablo Robles Barajas, quien a\u00f1adi\u00f3 [&hellip;]<\/p>\n","protected":false},"author":1,"featured_media":13154,"comment_status":"open","ping_status":"open","sticky":false,"template":"","format":"standard","meta":{"_jetpack_memberships_contains_paid_content":false,"footnotes":""},"categories":[2],"tags":[],"class_list":["post-13153","post","type-post","status-publish","format-standard","has-post-thumbnail","hentry","category-estado"],"jetpack_featured_media_url":"https:\/\/encuentroinformativo.com.mx\/wp-content\/uploads\/2021\/04\/B9EECEAE-41C9-40D8-A322-5BA6F8D664CC.jpeg","jetpack_sharing_enabled":true,"jetpack_likes_enabled":true,"amp_enabled":true,"_links":{"self":[{"href":"https:\/\/encuentroinformativo.com.mx\/index.php?rest_route=\/wp\/v2\/posts\/13153","targetHints":{"allow":["GET"]}}],"collection":[{"href":"https:\/\/encuentroinformativo.com.mx\/index.php?rest_route=\/wp\/v2\/posts"}],"about":[{"href":"https:\/\/encuentroinformativo.com.mx\/index.php?rest_route=\/wp\/v2\/types\/post"}],"author":[{"embeddable":true,"href":"https:\/\/encuentroinformativo.com.mx\/index.php?rest_route=\/wp\/v2\/users\/1"}],"replies":[{"embeddable":true,"href":"https:\/\/encuentroinformativo.com.mx\/index.php?rest_route=%2Fwp%2Fv2%2Fcomments&post=13153"}],"version-history":[{"count":1,"href":"https:\/\/encuentroinformativo.com.mx\/index.php?rest_route=\/wp\/v2\/posts\/13153\/revisions"}],"predecessor-version":[{"id":13156,"href":"https:\/\/encuentroinformativo.com.mx\/index.php?rest_route=\/wp\/v2\/posts\/13153\/revisions\/13156"}],"wp:featuredmedia":[{"embeddable":true,"href":"https:\/\/encuentroinformativo.com.mx\/index.php?rest_route=\/wp\/v2\/media\/13154"}],"wp:attachment":[{"href":"https:\/\/encuentroinformativo.com.mx\/index.php?rest_route=%2Fwp%2Fv2%2Fmedia&parent=13153"}],"wp:term":[{"taxonomy":"category","embeddable":true,"href":"https:\/\/encuentroinformativo.com.mx\/index.php?rest_route=%2Fwp%2Fv2%2Fcategories&post=13153"},{"taxonomy":"post_tag","embeddable":true,"href":"https:\/\/encuentroinformativo.com.mx\/index.php?rest_route=%2Fwp%2Fv2%2Ftags&post=13153"}],"curies":[{"name":"wp","href":"https:\/\/api.w.org\/{rel}","templated":true}]}}