{"id":1316,"date":"2020-03-26T16:31:35","date_gmt":"2020-03-26T22:31:35","guid":{"rendered":"https:\/\/encuentroinformativo.com\/?p=1316"},"modified":"2020-03-26T20:11:17","modified_gmt":"2020-03-27T02:11:17","slug":"oficial-naldy-rodriguez-nueva-comisionada-del-ivai","status":"publish","type":"post","link":"https:\/\/encuentroinformativo.com.mx\/?p=1316","title":{"rendered":"Oficial, Naldy Rodr\u00edguez nueva comisionada del IVAI"},"content":{"rendered":"\n<p><strong>*Con el respaldo de 34 votos, es elegida para integrar el Pleno del Instituto, ante la conclusi\u00f3n del cargo de Yolli Garc\u00eda \u00c1lvarez.<\/strong><\/p>\n\n\n\n<p><strong>Foto: <\/strong>Vic-Man <\/p>\n\n\n\n<p>Xalapa, Ver.- El Pleno de la LXV Legislatura del Estado de Veracruz nombr\u00f3 a la ciudadana Naldy Patricia Rodr\u00edguez Lagunes nueva Comisionada del Instituto Veracruzano de Acceso a la Informaci\u00f3n y Protecci\u00f3n de Datos Personales (IVAI), para un periodo de siete a\u00f1os.<\/p>\n\n\n\n<p>Lo anterior, tras ser respaldada con 34 votos de diputadas y diputados de los diversos  grupos legislativos representados en el Congreso de Veracruz. De igual forma se registraron 11 votos en contra.<\/p>\n\n\n\n<p>Este nombramiento, fundamentado en lo dispuesto por la Constituci\u00f3n Pol\u00edtica de los Estados Unidos Mexicanos, la Constituci\u00f3n Pol\u00edtica del Estado de Veracruz de Ignacio de la Llave, la Ley Org\u00e1nica del Poder Legislativo del Estado de Veracruz y en el Reglamento para el Gobierno Interior del Poder Legislativo, es resultado del trabajo implementado por esta Legislatura, a trav\u00e9s de la Comisi\u00f3n Permanente de Transparencia, Acceso a la Informaci\u00f3n y Parlamento Abierto, ante la conclusi\u00f3n del cargo de la ciudadana Yolli Garc\u00eda \u00c1lvarez.<\/p>\n\n\n\n<p>Conforme a la fracci\u00f3n IV, numeral 1, del art\u00edculo 67 de la Constituci\u00f3n local, \u201cel nombramiento podr\u00e1 ser objetado por el Gobernador del Estado en un plazo de diez d\u00edas h\u00e1biles. Si el Gobernador no objetara el nombramiento dentro de dicho plazo, ocupar\u00e1 el cargo de Comisionado la persona nombrada por el Congreso del Estado\u201d.<\/p>\n\n\n\n<p>Asimismo, \u201cen caso de que el Gobernador del Estado objetara el nombramiento, el Congreso del Estado nombrar\u00e1 una nueva propuesta, en los t\u00e9rminos del p\u00e1rrafo anterior, pero con una votaci\u00f3n de las tres quintas partes de los miembros presentes. Si este segundo nombramiento fuera objetado, el Congreso del Estado, en los t\u00e9rminos del p\u00e1rrafo anterior, con la votaci\u00f3n de las tres quintas partes de los miembros presentes, designar\u00e1 al Comisionado que ocupar\u00e1 la vacante\u201d.<\/p>\n\n\n\n<p>Tras la aprobaci\u00f3n por el Pleno, la Mesa Directiva, presidida por el diputado Rub\u00e9n R\u00edos Uribe, instruy\u00f3 remitir el nombramiento al Ejecutivo estatal para efectos de lo establecido en el art\u00edculo 67 constitucional referido.<\/p>\n\n\n\n<p>Acto seguido, el diputado Henri Christophe G\u00f3mez S\u00e1nchez y las diputadas Mar\u00eda Graciela Hern\u00e1ndez I\u00f1iguez y Adriana Paola Linares Capitanachi recibieron y acompa\u00f1aron a la ciudadana Naldy Patricia Rodr\u00edguez al Pleno para la protesta de ley.<\/p>\n\n\n\n<p>-Breve s\u00edntesis-<\/p>\n\n\n\n<p>Naldy Patricia Rodr\u00edguez Lagunes es licenciada en Ciencias de la Comunicaci\u00f3n por la Universidad Veracruzana (UV); maestra en Periodismo por la UV y la Universidad Nacional Aut\u00f3noma de M\u00e9xico (UNAM), maestra en Derechos Humanos y Juicio de Amparo por la Universidad de Xalapa (UX), diplomada con menci\u00f3n honor\u00edfica en Periodismo Latinoamericano por el Tecnol\u00f3gico de Monterrey y diplomada en Administraci\u00f3n P\u00fablica con Perspectiva de G\u00e9nero y en Gobierno Abierto y Transparencia en la Fiscalizaci\u00f3n de Recursos P\u00fablicos Federales.<\/p>\n\n\n\n<p>Cuenta con m\u00e1s de 20 cursos y talleres en materia de transparencia, rendici\u00f3n de cuentas, protecci\u00f3n de datos personales, \u00e9tica y anticorrupci\u00f3n, as\u00ed como estrategias did\u00e1cticas y metodolog\u00eda de la investigaci\u00f3n.<\/p>\n\n\n\n<p>Se ha especializado en temas de transparencia y ejercido el Derecho de Acceso a la Informaci\u00f3n desde 2007, dejando precedente con resoluciones y juicios de amparo a favor, que han abonado a la rendici\u00f3n de cuentas.<\/p>\n\n\n\n<p>Fungi\u00f3 como titular de la Unidad de Transparencia en la Secretar\u00eda de Gobierno del Estado de Veracruz desde el 1 de diciembre de 2018 y ha sido columnista en El Heraldo de M\u00e9xico, Diario de Xalapa, El Heraldo de Xalapa y El Dictamen, as\u00ed como medios digitales locales.<\/p>\n","protected":false},"excerpt":{"rendered":"<p>*Con el respaldo de 34 votos, es elegida para integrar el Pleno del Instituto, ante la conclusi\u00f3n del cargo de Yolli Garc\u00eda \u00c1lvarez. Foto: Vic-Man Xalapa, Ver.- El Pleno de la LXV Legislatura del Estado de Veracruz nombr\u00f3 a la ciudadana Naldy Patricia Rodr\u00edguez Lagunes nueva Comisionada del Instituto Veracruzano de Acceso a la Informaci\u00f3n [&hellip;]<\/p>\n","protected":false},"author":1,"featured_media":1325,"comment_status":"open","ping_status":"open","sticky":false,"template":"","format":"standard","meta":{"_jetpack_memberships_contains_paid_content":false,"footnotes":""},"categories":[2],"tags":[],"class_list":["post-1316","post","type-post","status-publish","format-standard","has-post-thumbnail","hentry","category-estado"],"jetpack_featured_media_url":"https:\/\/encuentroinformativo.com.mx\/wp-content\/uploads\/2020\/03\/79E28B5E-CD63-4512-9239-3A4D3E05256A.jpeg","jetpack_sharing_enabled":true,"jetpack_likes_enabled":true,"amp_enabled":true,"_links":{"self":[{"href":"https:\/\/encuentroinformativo.com.mx\/index.php?rest_route=\/wp\/v2\/posts\/1316","targetHints":{"allow":["GET"]}}],"collection":[{"href":"https:\/\/encuentroinformativo.com.mx\/index.php?rest_route=\/wp\/v2\/posts"}],"about":[{"href":"https:\/\/encuentroinformativo.com.mx\/index.php?rest_route=\/wp\/v2\/types\/post"}],"author":[{"embeddable":true,"href":"https:\/\/encuentroinformativo.com.mx\/index.php?rest_route=\/wp\/v2\/users\/1"}],"replies":[{"embeddable":true,"href":"https:\/\/encuentroinformativo.com.mx\/index.php?rest_route=%2Fwp%2Fv2%2Fcomments&post=1316"}],"version-history":[{"count":2,"href":"https:\/\/encuentroinformativo.com.mx\/index.php?rest_route=\/wp\/v2\/posts\/1316\/revisions"}],"predecessor-version":[{"id":1326,"href":"https:\/\/encuentroinformativo.com.mx\/index.php?rest_route=\/wp\/v2\/posts\/1316\/revisions\/1326"}],"wp:featuredmedia":[{"embeddable":true,"href":"https:\/\/encuentroinformativo.com.mx\/index.php?rest_route=\/wp\/v2\/media\/1325"}],"wp:attachment":[{"href":"https:\/\/encuentroinformativo.com.mx\/index.php?rest_route=%2Fwp%2Fv2%2Fmedia&parent=1316"}],"wp:term":[{"taxonomy":"category","embeddable":true,"href":"https:\/\/encuentroinformativo.com.mx\/index.php?rest_route=%2Fwp%2Fv2%2Fcategories&post=1316"},{"taxonomy":"post_tag","embeddable":true,"href":"https:\/\/encuentroinformativo.com.mx\/index.php?rest_route=%2Fwp%2Fv2%2Ftags&post=1316"}],"curies":[{"name":"wp","href":"https:\/\/api.w.org\/{rel}","templated":true}]}}