{"id":13163,"date":"2021-04-21T09:55:08","date_gmt":"2021-04-21T14:55:08","guid":{"rendered":"https:\/\/encuentroinformativo.com.mx\/?p=13163"},"modified":"2021-04-21T09:55:12","modified_gmt":"2021-04-21T14:55:12","slug":"morena-no-quiere-a-javier","status":"publish","type":"post","link":"https:\/\/encuentroinformativo.com.mx\/?p=13163","title":{"rendered":"Morena no quiere a Javier"},"content":{"rendered":"\n<p><strong>Los Pol\u00edticos<\/strong><\/p>\n\n\n\n<p><strong>Salvador Mu\u00f1oz<\/strong><\/p>\n\n\n\n<p>Si le quiere hacer la maldad a alguien que se est\u00e1 matando haciendo dieta, \u00a1d\u00e9le pan de Misantla! Aunque la Reina del Caf\u00e9, Viridiana Bret\u00f3n, presume que el de su municipio es el mejor. En mi descargo, s\u00f3lo puedo decir que no he probado el de Ixhuatl\u00e1n del Caf\u00e9, donde gobierna la se\u00f1ora, pero s\u00ed le puedo decir que si vamos para Orizaba, pasamos por unas bolsas en la panader\u00eda San Juan, en Coscomatepec; agregue que en Xico, igual se hace un pan rico y religiosamente la mujer, cada semana, compra al panadero de canasta que lanza su preg\u00f3n por el vecindario\u2026 pero sinceramente, si me dan a elegir, me quedo con el de la Se\u00f1orial.<\/p>\n\n\n\n<p>\u00bfQu\u00e9 obliga al misanteco a preparar esta ambros\u00eda? S\u00f3lo una respuesta tengo para esto: las grillas que se echan s\u00f3lo pueden ser acompa\u00f1adas con caf\u00e9 y pan, para saborearlas mejor, \u00a1porque vaya que son grillos en Misantla!<\/p>\n\n\n\n<p><strong>II<\/strong><\/p>\n\n\n\n<p>Este pasado lunes, el Comit\u00e9 Municipal de Morena hac\u00eda un anuncio en redes sociales donde planteaba deshacer la alianza entre dicho partido con el PT y el PVEM al estar empujando para la candidatura por la presidencia municipal a personajes que sencillamente no son afines a la ideolog\u00eda de Morena; imagino que se han de referir a los principios b\u00e1sicos que el Tlatoani les ha infundado: No Mentir, No Robar, No Traicionar.<\/p>\n\n\n\n<p>Por supuesto, no hubo nombres pero entre los vivillos que atendieron el mensaje del Comit\u00e9 Municipal de Morena dirigido a Mario Delgado y Esteban Ram\u00edrez Zepeta, no falt\u00f3 quien le pusiera cascabel al gato: Javier Hern\u00e1ndez Candanedo.<\/p>\n\n\n\n<p>As\u00ed es\u2026 los morenos no est\u00e1n conformes con que el hermano del alcalde con licencia, Oth\u00f3n, sea postulado por el PT como el candidato de la Alianza.<\/p>\n\n\n\n<p>Los argumentos del Comit\u00e9 Municipal de Morena se basan en que el \u201cindirecto\u201d carece de moral y principios, y que s\u00f3lo busca el cargo para seguir robando y conservar su sistema de impunidad al ser miembro de la Mafia del Poder. M\u00e1s, no dice.<\/p>\n\n\n\n<p><strong>III<\/strong><\/p>\n\n\n\n<p>Sabr\u00e1 Dios las razones por las que el Comit\u00e9 Municipal de Morena no le haya puesto \u201cpelos y se\u00f1ales\u201d a Javier, pero puede ser simple la respuesta: los misantecos saben de qu\u00e9 pie cojea cada uno de sus vecinos\u2026 y hay que hacer un poquito de memoria para recordar que apenas hace unos cuantos meses, se le dict\u00f3 Auto de Formal Prisi\u00f3n a este \u201cprecandidato\u201d a la alcald\u00eda por parte del PT acusado por el delito de Abuso de Autoridad en hechos ocurridos en 2011. \u00bfHace mucho? S\u00ed, pero lo preocupante y que tienen en mente los misantecos, es en qu\u00e9 condiciones se comete el abuso de autoridad: cuando era alcalde. \u00bfQu\u00e9 significa esto? Al menos un sector de la poblaci\u00f3n de la Se\u00f1orial, en especial los que lo denunciaron, conocen el lado arbitrario y prepotente de Javier, cuando detenta el poder.<\/p>\n\n\n\n<p><strong>IV<\/strong><\/p>\n\n\n\n<p>El 12 de enero del 2011, un extra\u00f1o incendio se gener\u00f3 en el mercado Quirasco, que era s\u00edmbolo de esta ciudad, construido all\u00e1 por los 60s del siglo pasado. Las autoridades municipales, que llegaron en ese momento bajo las siglas del PAN-Panal, resolvieron demolerlo y hacer uno nuevo. Fueron dos puntos que ensuciaron lo que parec\u00eda una buena obra: el desalojo con fuerza desmedida de locatarios y la extra\u00f1a asignaci\u00f3n de locales, que llevaron a Javier Hern\u00e1ndez Candanedo a ser denunciado hasta llegar al Auto de Formal Prisi\u00f3n el pasado diciembre, aunque dicho sea de paso, alcanza fianza para continuar el proceso en libertad.<\/p>\n\n\n\n<p>Quiz\u00e1s a eso se refer\u00edan los del Comit\u00e9 Municipal de Morena cuando piden anular la alianza con el PT y el Verde al pretender postular gente que no sigue los principios o que en un momento dado, por alguna resoluci\u00f3n judicial, podr\u00eda perder su registro como candidato\u2026 digo, si a un Toro ya lo bajaron, cuantim\u00e1s a un \u201cChicharito\u201d&#8230;<\/p>\n\n\n\n<p>Cr\u00e9ame que si lleg\u00f3 hasta ac\u00e1, si hubiera le\u00eddo esta columna con un pancito de Misantla, mejor sabor le hubiera agarrado al texto.<\/p>\n\n\n\n<p><a href=\"mailto:smcainito@gmail.com\" target=\"_blank\" rel=\"noreferrer noopener\">smcainito@gmail.com<\/a><\/p>\n","protected":false},"excerpt":{"rendered":"<p>Los Pol\u00edticos Salvador Mu\u00f1oz Si le quiere hacer la maldad a alguien que se est\u00e1 matando haciendo dieta, \u00a1d\u00e9le pan de Misantla! Aunque la Reina del Caf\u00e9, Viridiana Bret\u00f3n, presume que el de su municipio es el mejor. En mi descargo, s\u00f3lo puedo decir que no he probado el de Ixhuatl\u00e1n del Caf\u00e9, donde gobierna [&hellip;]<\/p>\n","protected":false},"author":1,"featured_media":70,"comment_status":"open","ping_status":"open","sticky":false,"template":"","format":"standard","meta":{"_jetpack_memberships_contains_paid_content":false,"footnotes":""},"categories":[11],"tags":[],"class_list":["post-13163","post","type-post","status-publish","format-standard","has-post-thumbnail","hentry","category-opinion"],"jetpack_featured_media_url":"https:\/\/encuentroinformativo.com.mx\/wp-content\/uploads\/2020\/02\/opinion-invitado.jpg","jetpack_sharing_enabled":true,"jetpack_likes_enabled":true,"amp_enabled":true,"_links":{"self":[{"href":"https:\/\/encuentroinformativo.com.mx\/index.php?rest_route=\/wp\/v2\/posts\/13163","targetHints":{"allow":["GET"]}}],"collection":[{"href":"https:\/\/encuentroinformativo.com.mx\/index.php?rest_route=\/wp\/v2\/posts"}],"about":[{"href":"https:\/\/encuentroinformativo.com.mx\/index.php?rest_route=\/wp\/v2\/types\/post"}],"author":[{"embeddable":true,"href":"https:\/\/encuentroinformativo.com.mx\/index.php?rest_route=\/wp\/v2\/users\/1"}],"replies":[{"embeddable":true,"href":"https:\/\/encuentroinformativo.com.mx\/index.php?rest_route=%2Fwp%2Fv2%2Fcomments&post=13163"}],"version-history":[{"count":1,"href":"https:\/\/encuentroinformativo.com.mx\/index.php?rest_route=\/wp\/v2\/posts\/13163\/revisions"}],"predecessor-version":[{"id":13164,"href":"https:\/\/encuentroinformativo.com.mx\/index.php?rest_route=\/wp\/v2\/posts\/13163\/revisions\/13164"}],"wp:featuredmedia":[{"embeddable":true,"href":"https:\/\/encuentroinformativo.com.mx\/index.php?rest_route=\/wp\/v2\/media\/70"}],"wp:attachment":[{"href":"https:\/\/encuentroinformativo.com.mx\/index.php?rest_route=%2Fwp%2Fv2%2Fmedia&parent=13163"}],"wp:term":[{"taxonomy":"category","embeddable":true,"href":"https:\/\/encuentroinformativo.com.mx\/index.php?rest_route=%2Fwp%2Fv2%2Fcategories&post=13163"},{"taxonomy":"post_tag","embeddable":true,"href":"https:\/\/encuentroinformativo.com.mx\/index.php?rest_route=%2Fwp%2Fv2%2Ftags&post=13163"}],"curies":[{"name":"wp","href":"https:\/\/api.w.org\/{rel}","templated":true}]}}