{"id":13176,"date":"2021-04-21T13:24:05","date_gmt":"2021-04-21T18:24:05","guid":{"rendered":"https:\/\/encuentroinformativo.com.mx\/?p=13176"},"modified":"2021-04-21T13:24:09","modified_gmt":"2021-04-21T18:24:09","slug":"realizaran-feria-xalapena-del-libro-en-plaza-lerdo","status":"publish","type":"post","link":"https:\/\/encuentroinformativo.com.mx\/?p=13176","title":{"rendered":"Realizar\u00e1n Feria Xalape\u00f1a del Libro en plaza Lerdo"},"content":{"rendered":"\n<p><strong>Dar\u00edo Pale<\/strong> <\/p>\n\n\n\n<p>Xalapa, Ver.- V\u00edctor Ram\u00edrez Montiel y Eligio Ram\u00edrez R\u00edos dieron a conocer que a\u00a0partir del\u00a0 22 de abril y hasta el 2 de mayo se llevar\u00e1 a acabo la D\u00e9cima Primera Feria Xalape\u00f1a del Libro en la Plaza Lerdo.<\/p>\n\n\n\n<p>Entrevistados en los pasillos de conocido caf\u00e9 del centro de Xalapa, se\u00f1alaron que en esta ocasi\u00f3n participar\u00e1n m\u00e1s de 20 expositores, poniendo al alcance de las y los lectores de esta ciudad y de la regi\u00f3n, una gran\u00a0 variedad de libros, seleccionados para visibilizar y fortalecer la cultura del libro impreso y la promoci\u00f3n de la lectura.<\/p>\n\n\n\n<p>Dio a conocer que Xalapa se ha convertido en un referente muy importante para la venta de libros a nivel nacional, por lo cual han aumentado sus ventas por medio de las redes sociales y est\u00e1n buscando crear una plataforma para le venta de libro en l\u00ednea.<\/p>\n\n\n\n<p>Actualmente tienen cerca de 10 librer\u00edas establecidas m\u00e1s aparte algunas que son virtuales ya que no tienen espacios f\u00edsicos pero son lectores y pueden recomendar un libro que sea de su inter\u00e9s, hay personas de todas las edades que acuden a las librer\u00edas, por lo que esta feria ser\u00e1 presencial.<\/p>\n\n\n\n<p>Se\u00f1al\u00f3 que cada a\u00f1o se realiza esta feria y este a\u00f1o es por el d\u00eda internacional del libro, se\u00f1alaron que en estos d\u00edas de pandemia \u00a0los padres de familia han tenido que buscar material de apoyo ya que sus hijos a falta de escuela ellos les dan clases en sus casas y en varias ocasiones solicitan que los asesoren para ver el material adecuado.<\/p>\n\n\n\n<p>Las ventas por la pandemia no les afectaron mucho lo que s\u00ed les afect\u00f3 fue el cierre de escuelas ya que ha bajado entre un 10 y un 20 por ciento ya que no se cerraron las librer\u00edas durante la pandemia, por lo que en este regreso a clases les puede beneficiar y sobre todo en las enciclopedias y de esta forma evitar que los hijos se metan mucho en las redes.<\/p>\n\n\n\n<p>Finalmente se\u00f1al\u00f3 que las editoriales est\u00e1n apostando a los audio libros con la finalidad de que la gente lea.<\/p>\n","protected":false},"excerpt":{"rendered":"<p>Dar\u00edo Pale Xalapa, Ver.- V\u00edctor Ram\u00edrez Montiel y Eligio Ram\u00edrez R\u00edos dieron a conocer que a\u00a0partir del\u00a0 22 de abril y hasta el 2 de mayo se llevar\u00e1 a acabo la D\u00e9cima Primera Feria Xalape\u00f1a del Libro en la Plaza Lerdo. Entrevistados en los pasillos de conocido caf\u00e9 del centro de Xalapa, se\u00f1alaron que en [&hellip;]<\/p>\n","protected":false},"author":1,"featured_media":13177,"comment_status":"open","ping_status":"open","sticky":false,"template":"","format":"standard","meta":{"_jetpack_memberships_contains_paid_content":false,"footnotes":""},"categories":[3],"tags":[],"class_list":["post-13176","post","type-post","status-publish","format-standard","has-post-thumbnail","hentry","category-xalapa"],"jetpack_featured_media_url":"https:\/\/encuentroinformativo.com.mx\/wp-content\/uploads\/2021\/04\/F6C83190-EBDC-487C-BBF1-65C732A678B3.jpeg","jetpack_sharing_enabled":true,"jetpack_likes_enabled":true,"amp_enabled":true,"_links":{"self":[{"href":"https:\/\/encuentroinformativo.com.mx\/index.php?rest_route=\/wp\/v2\/posts\/13176","targetHints":{"allow":["GET"]}}],"collection":[{"href":"https:\/\/encuentroinformativo.com.mx\/index.php?rest_route=\/wp\/v2\/posts"}],"about":[{"href":"https:\/\/encuentroinformativo.com.mx\/index.php?rest_route=\/wp\/v2\/types\/post"}],"author":[{"embeddable":true,"href":"https:\/\/encuentroinformativo.com.mx\/index.php?rest_route=\/wp\/v2\/users\/1"}],"replies":[{"embeddable":true,"href":"https:\/\/encuentroinformativo.com.mx\/index.php?rest_route=%2Fwp%2Fv2%2Fcomments&post=13176"}],"version-history":[{"count":1,"href":"https:\/\/encuentroinformativo.com.mx\/index.php?rest_route=\/wp\/v2\/posts\/13176\/revisions"}],"predecessor-version":[{"id":13178,"href":"https:\/\/encuentroinformativo.com.mx\/index.php?rest_route=\/wp\/v2\/posts\/13176\/revisions\/13178"}],"wp:featuredmedia":[{"embeddable":true,"href":"https:\/\/encuentroinformativo.com.mx\/index.php?rest_route=\/wp\/v2\/media\/13177"}],"wp:attachment":[{"href":"https:\/\/encuentroinformativo.com.mx\/index.php?rest_route=%2Fwp%2Fv2%2Fmedia&parent=13176"}],"wp:term":[{"taxonomy":"category","embeddable":true,"href":"https:\/\/encuentroinformativo.com.mx\/index.php?rest_route=%2Fwp%2Fv2%2Fcategories&post=13176"},{"taxonomy":"post_tag","embeddable":true,"href":"https:\/\/encuentroinformativo.com.mx\/index.php?rest_route=%2Fwp%2Fv2%2Ftags&post=13176"}],"curies":[{"name":"wp","href":"https:\/\/api.w.org\/{rel}","templated":true}]}}