{"id":13182,"date":"2021-04-21T14:12:11","date_gmt":"2021-04-21T19:12:11","guid":{"rendered":"https:\/\/encuentroinformativo.com.mx\/?p=13182"},"modified":"2021-04-21T14:12:15","modified_gmt":"2021-04-21T19:12:15","slug":"mejoran-ventas-en-callejon-del-diamante-comerciantes","status":"publish","type":"post","link":"https:\/\/encuentroinformativo.com.mx\/?p=13182","title":{"rendered":"Mejoran ventas en callej\u00f3n del Diamante: Comerciantes"},"content":{"rendered":"\n<p><strong>Juan Arcos<\/strong><\/p>\n\n\n\n<p>Xalapa, Ver.- Artesanos del Callej\u00f3n del Diamante de esta ciudad reportaron p\u00e9rdidas econ\u00f3micas por la pandemia del SARS-COV-2 (COVID-19), casi durante un a\u00f1o; sin embargo, en los \u00faltimos d\u00edas, sus ventas han comenzado a repuntar.<\/p>\n\n\n\n<p>Los comerciantes comentaron que en meses pasados hubo poca afluencia en sus puestos de trabajo por el confinamiento y al temor de la poblaci\u00f3n a un posible contagio de coronavirus.<\/p>\n\n\n\n<p>Tambi\u00e9n mencionaron que recientemente han recibido a un mayor n\u00famero de clientes, toda vez que las ciudadanas y ciudadanos han regresado a a sus actividades, casi de manera normal.<\/p>\n\n\n\n<p>De acuerdo con V\u00edctor, uno de los artesanos, la mayor\u00eda de sus compa\u00f1eros han regresado a sus lugares de trabajo, debido a que la entidad se mantiene en sem\u00e1foro epidemiol\u00f3gico color verde, de riesgo bajo de contagio.<\/p>\n\n\n\n<p>\u201cAhora ya se ve un poco m\u00e1s de movimiento, en cuanto a que pasan (los clientes) y van comprando, pero durante la pandemia ha bajado la venta de este tipo de accesorios\u201d.<\/p>\n\n\n\n<p>El entrevistado indic\u00f3 que, al encontrarse en el Centro Hist\u00f3rico de Xalapa, sus ganancias podr\u00edan repuntar mayormente en las siguientes semanas.<\/p>\n\n\n\n<p>\u201cLos estamos esperando, ya muchos compa\u00f1eros estamos casi todos los d\u00edas y lo importante es no olvidar el cubrebocas\u201d, coment\u00f3 en dicho callej\u00f3n que se encuentra entre las calles Juan de la Luz Enr\u00edquez y Benito Ju\u00e1rez.<\/p>\n\n\n\n<p>Cabe mencionar que en este lugar es com\u00fan la venta de cuarzos, aretes, pulseras, ropa, recuerdos y souvenirs, pero tambi\u00e9n puestos que ofertan plata, juguetes de madera y otras artesan\u00edas.<\/p>\n\n\n\n<p>\u201cTrabajo acero, tenemos aretes, collares, pulseras, tenemos diferentes minerales, cuarzos, obsidianas, jades, hay una buena variedad de piezas tambi\u00e9n\u201d, refiri\u00f3 V\u00edctor.<\/p>\n\n\n\n<p>Los comerciantes afirmaron que han acatado las recomendaciones sanitarias, pues portan cubrebocas y ofrecen gel antibacterial a sus clientes, para evitar la propagaci\u00f3n del virus.<\/p>\n","protected":false},"excerpt":{"rendered":"<p>Juan Arcos Xalapa, Ver.- Artesanos del Callej\u00f3n del Diamante de esta ciudad reportaron p\u00e9rdidas econ\u00f3micas por la pandemia del SARS-COV-2 (COVID-19), casi durante un a\u00f1o; sin embargo, en los \u00faltimos d\u00edas, sus ventas han comenzado a repuntar. Los comerciantes comentaron que en meses pasados hubo poca afluencia en sus puestos de trabajo por el confinamiento [&hellip;]<\/p>\n","protected":false},"author":1,"featured_media":13183,"comment_status":"open","ping_status":"open","sticky":false,"template":"","format":"standard","meta":{"_jetpack_memberships_contains_paid_content":false,"footnotes":""},"categories":[3],"tags":[],"class_list":["post-13182","post","type-post","status-publish","format-standard","has-post-thumbnail","hentry","category-xalapa"],"jetpack_featured_media_url":"https:\/\/encuentroinformativo.com.mx\/wp-content\/uploads\/2021\/04\/A809C9BB-31A6-4243-AE52-6940DEEC8680.jpeg","jetpack_sharing_enabled":true,"jetpack_likes_enabled":true,"amp_enabled":true,"_links":{"self":[{"href":"https:\/\/encuentroinformativo.com.mx\/index.php?rest_route=\/wp\/v2\/posts\/13182","targetHints":{"allow":["GET"]}}],"collection":[{"href":"https:\/\/encuentroinformativo.com.mx\/index.php?rest_route=\/wp\/v2\/posts"}],"about":[{"href":"https:\/\/encuentroinformativo.com.mx\/index.php?rest_route=\/wp\/v2\/types\/post"}],"author":[{"embeddable":true,"href":"https:\/\/encuentroinformativo.com.mx\/index.php?rest_route=\/wp\/v2\/users\/1"}],"replies":[{"embeddable":true,"href":"https:\/\/encuentroinformativo.com.mx\/index.php?rest_route=%2Fwp%2Fv2%2Fcomments&post=13182"}],"version-history":[{"count":1,"href":"https:\/\/encuentroinformativo.com.mx\/index.php?rest_route=\/wp\/v2\/posts\/13182\/revisions"}],"predecessor-version":[{"id":13184,"href":"https:\/\/encuentroinformativo.com.mx\/index.php?rest_route=\/wp\/v2\/posts\/13182\/revisions\/13184"}],"wp:featuredmedia":[{"embeddable":true,"href":"https:\/\/encuentroinformativo.com.mx\/index.php?rest_route=\/wp\/v2\/media\/13183"}],"wp:attachment":[{"href":"https:\/\/encuentroinformativo.com.mx\/index.php?rest_route=%2Fwp%2Fv2%2Fmedia&parent=13182"}],"wp:term":[{"taxonomy":"category","embeddable":true,"href":"https:\/\/encuentroinformativo.com.mx\/index.php?rest_route=%2Fwp%2Fv2%2Fcategories&post=13182"},{"taxonomy":"post_tag","embeddable":true,"href":"https:\/\/encuentroinformativo.com.mx\/index.php?rest_route=%2Fwp%2Fv2%2Ftags&post=13182"}],"curies":[{"name":"wp","href":"https:\/\/api.w.org\/{rel}","templated":true}]}}