{"id":13196,"date":"2021-04-21T16:41:28","date_gmt":"2021-04-21T21:41:28","guid":{"rendered":"https:\/\/encuentroinformativo.com.mx\/?p=13196"},"modified":"2021-04-21T16:41:32","modified_gmt":"2021-04-21T21:41:32","slug":"por-transparencia-ciudadanos-demandan-conocer-entrega-de-despensas-en-medellin","status":"publish","type":"post","link":"https:\/\/encuentroinformativo.com.mx\/?p=13196","title":{"rendered":"Por transparencia, ciudadanos demandan conocer entrega de despensas en Medell\u00edn"},"content":{"rendered":"\n<p><strong>Alejandro \u00c1vila<\/strong><\/p>\n\n\n\n<p>Medell\u00edn de Bravo, Ver.- El Instituto Veracruzano de Acceso a la Informaci\u00f3n (IVAI) solicit\u00f3 al Ayuntamiento de Medell\u00edn de Bravo, responder la solicitud de un ciudadano, quien pidio conocer a detalle el gastos por compra de despensas y los beneficiarios de las mismas durante la actual administraci\u00f3n.<\/p>\n\n\n\n<p>El ciudadano medellinense envio una solicitud de informaci\u00f3n v\u00eda transparencia, donde pide conocer\u00a0las entregas de despensas durante la actual administraci\u00f3n la licitaci\u00f3n, compra y entrega de despensas realizada durante la actual administraci\u00f3n.<\/p>\n\n\n\n<p>Dicha solicitud, que se ha hecho a diversos Ayuntamientos, se deriva del aumento de entrega de despensas por la pandemia.<\/p>\n\n\n\n<p>En el expediente IVAI-REV\/197\/2021\/II, con fecha del 15 de abril, se indica que a partir de la fecha de notificaci\u00f3n, realizada el 19 de abril, se le da un plazo al municipio, no mayor a tres d\u00edas h\u00e1biles, para que el Ayuntamiento de Medell\u00edn d\u00e9 a conocer el monto erogado en la compra de despensas, el n\u00famero de beneficiarios, el nombre de empresas a las que les fueron&nbsp; adquiridos los productos para las despensas, presentaci\u00f3n de facturas, \u00f3rdenes de compra y la partida presupuestal de d\u00f3nde se tomaron los recursos.<\/p>\n\n\n\n<p>De la misma manera, se le pide a la Unidad de Acceso de Informaci\u00f3n del propio municipio, d\u00e9 conocimiento a la Contralor\u00eda Interna del Ayuntamiento de Medell\u00edn de Bravo, y \u00e9sta finque responsabilidad al funcionario p\u00fablico que hizo caso omiso al no dar la informaci\u00f3n en el tiempo requerido desde el inicio.<\/p>\n","protected":false},"excerpt":{"rendered":"<p>Alejandro \u00c1vila Medell\u00edn de Bravo, Ver.- El Instituto Veracruzano de Acceso a la Informaci\u00f3n (IVAI) solicit\u00f3 al Ayuntamiento de Medell\u00edn de Bravo, responder la solicitud de un ciudadano, quien pidio conocer a detalle el gastos por compra de despensas y los beneficiarios de las mismas durante la actual administraci\u00f3n. El ciudadano medellinense envio una solicitud [&hellip;]<\/p>\n","protected":false},"author":1,"featured_media":13197,"comment_status":"open","ping_status":"open","sticky":false,"template":"","format":"standard","meta":{"_jetpack_memberships_contains_paid_content":false,"footnotes":""},"categories":[2],"tags":[],"class_list":["post-13196","post","type-post","status-publish","format-standard","has-post-thumbnail","hentry","category-estado"],"jetpack_featured_media_url":"https:\/\/encuentroinformativo.com.mx\/wp-content\/uploads\/2021\/04\/B418EDD5-B043-4306-903D-07CD7E19DC89.jpeg","jetpack_sharing_enabled":true,"jetpack_likes_enabled":true,"amp_enabled":true,"_links":{"self":[{"href":"https:\/\/encuentroinformativo.com.mx\/index.php?rest_route=\/wp\/v2\/posts\/13196","targetHints":{"allow":["GET"]}}],"collection":[{"href":"https:\/\/encuentroinformativo.com.mx\/index.php?rest_route=\/wp\/v2\/posts"}],"about":[{"href":"https:\/\/encuentroinformativo.com.mx\/index.php?rest_route=\/wp\/v2\/types\/post"}],"author":[{"embeddable":true,"href":"https:\/\/encuentroinformativo.com.mx\/index.php?rest_route=\/wp\/v2\/users\/1"}],"replies":[{"embeddable":true,"href":"https:\/\/encuentroinformativo.com.mx\/index.php?rest_route=%2Fwp%2Fv2%2Fcomments&post=13196"}],"version-history":[{"count":1,"href":"https:\/\/encuentroinformativo.com.mx\/index.php?rest_route=\/wp\/v2\/posts\/13196\/revisions"}],"predecessor-version":[{"id":13198,"href":"https:\/\/encuentroinformativo.com.mx\/index.php?rest_route=\/wp\/v2\/posts\/13196\/revisions\/13198"}],"wp:featuredmedia":[{"embeddable":true,"href":"https:\/\/encuentroinformativo.com.mx\/index.php?rest_route=\/wp\/v2\/media\/13197"}],"wp:attachment":[{"href":"https:\/\/encuentroinformativo.com.mx\/index.php?rest_route=%2Fwp%2Fv2%2Fmedia&parent=13196"}],"wp:term":[{"taxonomy":"category","embeddable":true,"href":"https:\/\/encuentroinformativo.com.mx\/index.php?rest_route=%2Fwp%2Fv2%2Fcategories&post=13196"},{"taxonomy":"post_tag","embeddable":true,"href":"https:\/\/encuentroinformativo.com.mx\/index.php?rest_route=%2Fwp%2Fv2%2Ftags&post=13196"}],"curies":[{"name":"wp","href":"https:\/\/api.w.org\/{rel}","templated":true}]}}