{"id":13199,"date":"2021-04-21T16:51:51","date_gmt":"2021-04-21T21:51:51","guid":{"rendered":"https:\/\/encuentroinformativo.com.mx\/?p=13199"},"modified":"2021-04-21T16:51:55","modified_gmt":"2021-04-21T21:51:55","slug":"familiares-demandan-liberacion-de-3-mujeres-detenidas","status":"publish","type":"post","link":"https:\/\/encuentroinformativo.com.mx\/?p=13199","title":{"rendered":"Familiares demandan liberaci\u00f3n de 3 mujeres detenidas"},"content":{"rendered":"\n<p><strong>Alejandro \u00c1vila<\/strong><\/p>\n\n\n\n<p>Veracruz, Ver.- Este mi\u00e9rcoles por la ma\u00f1ana se llev\u00f3 a cabo una manifestaci\u00f3n en la\u00a0Fiscal\u00eda Especializada en la Investigaci\u00f3n de Delitos de Violencia Contra la Mujer, Ni\u00f1as, Ni\u00f1os, y Trata de Personas; donde amigos y familiares de 3 mujeres vinculadas a proceso, piden su liberaci\u00f3n.<\/p>\n\n\n\n<p>Se trata de&nbsp;Danna, Mar\u00eda Obdulia y Mar\u00eda, quienes son acusadas de homicidio doloso, tras matar a un sujeto, que presuntamente golpeaba a una de ellas.<\/p>\n\n\n\n<p>Los hechos ocurrieron el pasado 9 de abril, cuando personal de la Polic\u00eda Naval lleg\u00f3 a una vivienda para atender un llamado de violencia domestica en la colonia Antochista de la Ciudad de Veracruz.<\/p>\n\n\n\n<p>Pedro \u201cN\u201d fue hallado atado de pies y manos, con heridas de arma blanca, este sujeto era la pareja de Mar\u00eda Obdulia.<\/p>\n\n\n\n<p>Los manifestantes se\u00f1alan que las mujeres actuaron por defensa propia, pues estaban siendo violentadas por Pedro N, y la Polic\u00eda tard\u00f3 2 horas en llegar, pues previamente les hab\u00eda hecho el llamado de auxilio.<\/p>\n\n\n\n<p>Una de las amigas, relat\u00f3 que Pedro N, ten\u00eda un historial de abusos y denuncias, unas hechas por Mar\u00eda Obdulia y otras por su ex pareja.<\/p>\n\n\n\n<p>Adem\u00e1s, solicitaron el apoyo policial para vigilar a la familia de las mujeres detenidas, pues han recibido amenazas de muerte.<\/p>\n\n\n\n<p>Danna, Mar\u00eda y Mar\u00eda Obdulia son defendidas por un abogado de oficio, ya que la familia no cuenta con los recursos suficiente para pagar un abogado particular.<\/p>\n\n\n\n<figure class=\"wp-block-image size-large\"><img loading=\"lazy\" decoding=\"async\" width=\"1024\" height=\"682\" src=\"https:\/\/encuentroinformativo.com.mx\/wp-content\/uploads\/2021\/04\/73BE355F-3CAA-48AC-B38C-C1FD6AFAF816-1024x682.jpeg\" alt=\"\" class=\"wp-image-13201\" srcset=\"https:\/\/encuentroinformativo.com.mx\/wp-content\/uploads\/2021\/04\/73BE355F-3CAA-48AC-B38C-C1FD6AFAF816-1024x682.jpeg 1024w, https:\/\/encuentroinformativo.com.mx\/wp-content\/uploads\/2021\/04\/73BE355F-3CAA-48AC-B38C-C1FD6AFAF816-300x200.jpeg 300w, https:\/\/encuentroinformativo.com.mx\/wp-content\/uploads\/2021\/04\/73BE355F-3CAA-48AC-B38C-C1FD6AFAF816-768x512.jpeg 768w, https:\/\/encuentroinformativo.com.mx\/wp-content\/uploads\/2021\/04\/73BE355F-3CAA-48AC-B38C-C1FD6AFAF816.jpeg 1280w\" sizes=\"auto, (max-width: 1024px) 100vw, 1024px\" \/><\/figure>\n","protected":false},"excerpt":{"rendered":"<p>Alejandro \u00c1vila Veracruz, Ver.- Este mi\u00e9rcoles por la ma\u00f1ana se llev\u00f3 a cabo una manifestaci\u00f3n en la\u00a0Fiscal\u00eda Especializada en la Investigaci\u00f3n de Delitos de Violencia Contra la Mujer, Ni\u00f1as, Ni\u00f1os, y Trata de Personas; donde amigos y familiares de 3 mujeres vinculadas a proceso, piden su liberaci\u00f3n. Se trata de&nbsp;Danna, Mar\u00eda Obdulia y Mar\u00eda, quienes [&hellip;]<\/p>\n","protected":false},"author":1,"featured_media":13200,"comment_status":"open","ping_status":"open","sticky":false,"template":"","format":"standard","meta":{"_jetpack_memberships_contains_paid_content":false,"footnotes":""},"categories":[2],"tags":[],"class_list":["post-13199","post","type-post","status-publish","format-standard","has-post-thumbnail","hentry","category-estado"],"jetpack_featured_media_url":"https:\/\/encuentroinformativo.com.mx\/wp-content\/uploads\/2021\/04\/A93AD50F-AB10-4BF5-8A31-E0B9AA8E61EA.jpeg","jetpack_sharing_enabled":true,"jetpack_likes_enabled":true,"amp_enabled":true,"_links":{"self":[{"href":"https:\/\/encuentroinformativo.com.mx\/index.php?rest_route=\/wp\/v2\/posts\/13199","targetHints":{"allow":["GET"]}}],"collection":[{"href":"https:\/\/encuentroinformativo.com.mx\/index.php?rest_route=\/wp\/v2\/posts"}],"about":[{"href":"https:\/\/encuentroinformativo.com.mx\/index.php?rest_route=\/wp\/v2\/types\/post"}],"author":[{"embeddable":true,"href":"https:\/\/encuentroinformativo.com.mx\/index.php?rest_route=\/wp\/v2\/users\/1"}],"replies":[{"embeddable":true,"href":"https:\/\/encuentroinformativo.com.mx\/index.php?rest_route=%2Fwp%2Fv2%2Fcomments&post=13199"}],"version-history":[{"count":1,"href":"https:\/\/encuentroinformativo.com.mx\/index.php?rest_route=\/wp\/v2\/posts\/13199\/revisions"}],"predecessor-version":[{"id":13202,"href":"https:\/\/encuentroinformativo.com.mx\/index.php?rest_route=\/wp\/v2\/posts\/13199\/revisions\/13202"}],"wp:featuredmedia":[{"embeddable":true,"href":"https:\/\/encuentroinformativo.com.mx\/index.php?rest_route=\/wp\/v2\/media\/13200"}],"wp:attachment":[{"href":"https:\/\/encuentroinformativo.com.mx\/index.php?rest_route=%2Fwp%2Fv2%2Fmedia&parent=13199"}],"wp:term":[{"taxonomy":"category","embeddable":true,"href":"https:\/\/encuentroinformativo.com.mx\/index.php?rest_route=%2Fwp%2Fv2%2Fcategories&post=13199"},{"taxonomy":"post_tag","embeddable":true,"href":"https:\/\/encuentroinformativo.com.mx\/index.php?rest_route=%2Fwp%2Fv2%2Ftags&post=13199"}],"curies":[{"name":"wp","href":"https:\/\/api.w.org\/{rel}","templated":true}]}}