{"id":13206,"date":"2021-04-21T17:29:58","date_gmt":"2021-04-21T22:29:58","guid":{"rendered":"https:\/\/encuentroinformativo.com.mx\/?p=13206"},"modified":"2021-04-21T17:30:03","modified_gmt":"2021-04-21T22:30:03","slug":"en-pandemia-disminuyo-venta-de-libros","status":"publish","type":"post","link":"https:\/\/encuentroinformativo.com.mx\/?p=13206","title":{"rendered":"En pandemia, disminuy\u00f3 venta de libros"},"content":{"rendered":"\n<p><strong>Juan Arcos<\/strong><\/p>\n\n\n\n<p>Xalapa, Ver.- La venta de libros disminuy\u00f3 20 por ciento durante esta pandemia del SARS-COV-2 (COVID-19) en librer\u00edas de la capital del estado.<\/p>\n\n\n\n<p>Eligio Ram\u00edrez R\u00edos, encargado de la Rueca de Gandhi, indic\u00f3 que dicha situaci\u00f3n ocurri\u00f3, pese a que la poblaci\u00f3n increment\u00f3 su lectura por el confinamiento.<\/p>\n\n\n\n<p>\u201cLas ventas han bajado en promedio un 20 por ciento, hay espacios, por ejemplo, en el Pasaje Enr\u00edquez, donde han resentido m\u00e1s porque se ha cerrado en ciertos momentos el espacio\u201d.<\/p>\n\n\n\n<p>El entrevistado coment\u00f3 que adem\u00e1s los due\u00f1os y administradores de la librer\u00edas mejoraron sus canales de distribuci\u00f3n para llegar a un mayor n\u00famero de lectores, durante la emergencia sanitaria.<\/p>\n\n\n\n<p>\u201cPara que la gente no venga muchas veces al centro de la ciudad. Entregas a domicilio, por v\u00eda telef\u00f3nica, haciendo pagos por transferencia bancaria\u201d, expres\u00f3.<\/p>\n\n\n\n<p>En la actualidad, los libreros trabajan en la creaci\u00f3n de una plataforma digital para la venta en l\u00ednea de los ejemplares.<\/p>\n\n\n\n<p><strong>ANUNCIAN FERIA\u00a0<\/strong><\/p>\n\n\n\n<p>Los encargados de estos negocios esperan un repunte en ventas durante la d\u00e9cima primera edici\u00f3n de la Feria Xalape\u00f1a del Libro, que se llevar\u00e1 a cabo en Plaza Sebasti\u00e1n Lerdo de Tejada, del 22 de abril al 2 de mayo, en un horario de 10:00 a 20:00 horas, donde participar\u00e1n m\u00e1s de 20 expositores.<\/p>\n\n\n\n<p>Ser\u00e1n instalados dos filtros sanitarios para el chequeo de la temperatura corporal de los visitantes, la aplicaci\u00f3n de gel antibacterial y la supervisi\u00f3n del uso de careta o cubrebocas.<\/p>\n\n\n\n<p>\u201cVa a haber dos mesas, dos conversatorios, sobre la lectura en la pandemia, c\u00f3mo ha influido esta situaci\u00f3n en la lectura, nosotros hemos constatado que la gente est\u00e1 buscado, est\u00e1 \u00e1vida de m\u00e1s lectura, de m\u00e1s libros\u201d, enfatiz\u00f3 Eligio Ram\u00edrez.<\/p>\n","protected":false},"excerpt":{"rendered":"<p>Juan Arcos Xalapa, Ver.- La venta de libros disminuy\u00f3 20 por ciento durante esta pandemia del SARS-COV-2 (COVID-19) en librer\u00edas de la capital del estado. Eligio Ram\u00edrez R\u00edos, encargado de la Rueca de Gandhi, indic\u00f3 que dicha situaci\u00f3n ocurri\u00f3, pese a que la poblaci\u00f3n increment\u00f3 su lectura por el confinamiento. \u201cLas ventas han bajado en [&hellip;]<\/p>\n","protected":false},"author":1,"featured_media":13207,"comment_status":"open","ping_status":"open","sticky":false,"template":"","format":"standard","meta":{"_jetpack_memberships_contains_paid_content":false,"footnotes":""},"categories":[3],"tags":[],"class_list":["post-13206","post","type-post","status-publish","format-standard","has-post-thumbnail","hentry","category-xalapa"],"jetpack_featured_media_url":"https:\/\/encuentroinformativo.com.mx\/wp-content\/uploads\/2021\/04\/6D845F89-4574-4878-B782-20FC63A4DDB1.jpeg","jetpack_sharing_enabled":true,"jetpack_likes_enabled":true,"amp_enabled":true,"_links":{"self":[{"href":"https:\/\/encuentroinformativo.com.mx\/index.php?rest_route=\/wp\/v2\/posts\/13206","targetHints":{"allow":["GET"]}}],"collection":[{"href":"https:\/\/encuentroinformativo.com.mx\/index.php?rest_route=\/wp\/v2\/posts"}],"about":[{"href":"https:\/\/encuentroinformativo.com.mx\/index.php?rest_route=\/wp\/v2\/types\/post"}],"author":[{"embeddable":true,"href":"https:\/\/encuentroinformativo.com.mx\/index.php?rest_route=\/wp\/v2\/users\/1"}],"replies":[{"embeddable":true,"href":"https:\/\/encuentroinformativo.com.mx\/index.php?rest_route=%2Fwp%2Fv2%2Fcomments&post=13206"}],"version-history":[{"count":1,"href":"https:\/\/encuentroinformativo.com.mx\/index.php?rest_route=\/wp\/v2\/posts\/13206\/revisions"}],"predecessor-version":[{"id":13208,"href":"https:\/\/encuentroinformativo.com.mx\/index.php?rest_route=\/wp\/v2\/posts\/13206\/revisions\/13208"}],"wp:featuredmedia":[{"embeddable":true,"href":"https:\/\/encuentroinformativo.com.mx\/index.php?rest_route=\/wp\/v2\/media\/13207"}],"wp:attachment":[{"href":"https:\/\/encuentroinformativo.com.mx\/index.php?rest_route=%2Fwp%2Fv2%2Fmedia&parent=13206"}],"wp:term":[{"taxonomy":"category","embeddable":true,"href":"https:\/\/encuentroinformativo.com.mx\/index.php?rest_route=%2Fwp%2Fv2%2Fcategories&post=13206"},{"taxonomy":"post_tag","embeddable":true,"href":"https:\/\/encuentroinformativo.com.mx\/index.php?rest_route=%2Fwp%2Fv2%2Ftags&post=13206"}],"curies":[{"name":"wp","href":"https:\/\/api.w.org\/{rel}","templated":true}]}}