{"id":1322,"date":"2020-03-26T20:03:58","date_gmt":"2020-03-27T02:03:58","guid":{"rendered":"https:\/\/encuentroinformativo.com\/?p=1322"},"modified":"2020-03-26T20:04:00","modified_gmt":"2020-03-27T02:04:00","slug":"se-destinaran-creditos-para-empresarios-afirma-finanzas","status":"publish","type":"post","link":"https:\/\/encuentroinformativo.com.mx\/?p=1322","title":{"rendered":"Se destinar\u00e1n cr\u00e9ditos para empresarios, afirma Finanzas"},"content":{"rendered":"\n<p><strong>Dar\u00edo Pale <\/strong><\/p>\n\n\n\n<p>Xalapa, Ver.- El titular de la Secretar\u00eda de Finanzas y Planeaci\u00f3n (SEFIPLAN), Jos\u00e9 Luis Lima Franco dio a conocer que los empresarios dejar\u00e1n de pagar impuestos temporalmente durante crisis sanitaria y habr\u00e1 cr\u00e9ditos para negocios.\u00a0<\/p>\n\n\n\n<p>Entrevistado en el parque de los Lagos se\u00f1al\u00f3 que los cr\u00e9ditos y la cancelaci\u00f3n temporal del cobro de impuestos a empresarios son parte de las alternativas que el Gobierno de Veracruz llevar\u00e1 a cabo para apoyar a los empresarios y microempresarios del estado afectados econ\u00f3micamente por el golpe econ\u00f3mico que provoc\u00f3 ya la pandemia COVID-19 en la entidad.<\/p>\n\n\n\n<p>&#8220;Es parte del programa que se va a lanzar, pr\u00f3ximamente el gobernador har\u00e1 el anuncio del programa de recuperaci\u00f3n para reactivar la econom\u00eda en el estado de Veracruz, es parte de lo que se va a plantear&#8221;, se\u00f1al\u00f3.<\/p>\n\n\n\n<p>Del mismo modo, inform\u00f3 que tales alternativas surgieron de las reuniones que el titular de la Secretar\u00eda de Desarrollo Econ\u00f3mico, Enrique Nach\u00f3n ha tenido con las c\u00e1maras empresariales de la entidad.<\/p>\n\n\n\n<p>&#8220;Como resultado de esas platicas se ha generado este programa que ya est\u00e1 listo, ya nada m\u00e1s estamos esperando que el gobernador llame a los medios para hacerlo de su conocimiento&#8221;, inform\u00f3.<\/p>\n\n\n\n<p>Para esto se har\u00eda uso de recursos estatales, aunque tambi\u00e9n se destinar\u00e1n recursos federales para apoyar a otros sectores como la econom\u00eda informal, entre estos, el adelanto que har\u00eda el Instituto de Salud del Bienestar (INSABI) a trav\u00e9s del Banco del Bienestar. Hasta ahora no se contempla adelanto de participaciones federales a la entidad.<\/p>\n\n\n\n<p>&#8220;Trabajaremos a trav\u00e9s de la Secretar\u00eda de Desarrollo Econ\u00f3mico quien ser\u00e1 la instancia para hacer el tr\u00e1mite, el objetivo son micro y medianas empresas. Son las tiendas de la esquina, farmacias, carnicer\u00edas, microempresarios que se ven afectados con el que se quedan las personas en sus casas.<\/p>\n\n\n\n<p>Van enfocadas para ellos para que puedan atender de momento la contingencia&#8221;, inform\u00f3.<\/p>\n\n\n\n<p>Sobre la n\u00f3mina de bur\u00f3cratas, Lima Franco garantiz\u00f3 que el salario de los trabajadores del Gobierno del Estado seguir\u00e1 pagando normalmente la n\u00f3mina.<\/p>\n\n\n\n<p>Por \u00faltimo el secretario de Finanzas dijo a la poblaci\u00f3n que &#8220;tengamos confianza&#8221;, ya que seguir\u00e1n inyectando liquidez a la econom\u00eda para que no se afecte el empleo.<\/p>\n\n\n\n<p><\/p>\n\n\n\n<p><\/p>\n","protected":false},"excerpt":{"rendered":"<p>Dar\u00edo Pale Xalapa, Ver.- El titular de la Secretar\u00eda de Finanzas y Planeaci\u00f3n (SEFIPLAN), Jos\u00e9 Luis Lima Franco dio a conocer que los empresarios dejar\u00e1n de pagar impuestos temporalmente durante crisis sanitaria y habr\u00e1 cr\u00e9ditos para negocios.\u00a0 Entrevistado en el parque de los Lagos se\u00f1al\u00f3 que los cr\u00e9ditos y la cancelaci\u00f3n temporal del cobro de [&hellip;]<\/p>\n","protected":false},"author":1,"featured_media":1323,"comment_status":"open","ping_status":"open","sticky":false,"template":"","format":"standard","meta":{"_jetpack_memberships_contains_paid_content":false,"footnotes":""},"categories":[2],"tags":[],"class_list":["post-1322","post","type-post","status-publish","format-standard","has-post-thumbnail","hentry","category-estado"],"jetpack_featured_media_url":"https:\/\/encuentroinformativo.com.mx\/wp-content\/uploads\/2020\/03\/FE644C45-16F0-4AD9-A588-5EC7794EB9A1.jpeg","jetpack_sharing_enabled":true,"jetpack_likes_enabled":true,"amp_enabled":true,"_links":{"self":[{"href":"https:\/\/encuentroinformativo.com.mx\/index.php?rest_route=\/wp\/v2\/posts\/1322","targetHints":{"allow":["GET"]}}],"collection":[{"href":"https:\/\/encuentroinformativo.com.mx\/index.php?rest_route=\/wp\/v2\/posts"}],"about":[{"href":"https:\/\/encuentroinformativo.com.mx\/index.php?rest_route=\/wp\/v2\/types\/post"}],"author":[{"embeddable":true,"href":"https:\/\/encuentroinformativo.com.mx\/index.php?rest_route=\/wp\/v2\/users\/1"}],"replies":[{"embeddable":true,"href":"https:\/\/encuentroinformativo.com.mx\/index.php?rest_route=%2Fwp%2Fv2%2Fcomments&post=1322"}],"version-history":[{"count":1,"href":"https:\/\/encuentroinformativo.com.mx\/index.php?rest_route=\/wp\/v2\/posts\/1322\/revisions"}],"predecessor-version":[{"id":1324,"href":"https:\/\/encuentroinformativo.com.mx\/index.php?rest_route=\/wp\/v2\/posts\/1322\/revisions\/1324"}],"wp:featuredmedia":[{"embeddable":true,"href":"https:\/\/encuentroinformativo.com.mx\/index.php?rest_route=\/wp\/v2\/media\/1323"}],"wp:attachment":[{"href":"https:\/\/encuentroinformativo.com.mx\/index.php?rest_route=%2Fwp%2Fv2%2Fmedia&parent=1322"}],"wp:term":[{"taxonomy":"category","embeddable":true,"href":"https:\/\/encuentroinformativo.com.mx\/index.php?rest_route=%2Fwp%2Fv2%2Fcategories&post=1322"},{"taxonomy":"post_tag","embeddable":true,"href":"https:\/\/encuentroinformativo.com.mx\/index.php?rest_route=%2Fwp%2Fv2%2Ftags&post=1322"}],"curies":[{"name":"wp","href":"https:\/\/api.w.org\/{rel}","templated":true}]}}