{"id":13222,"date":"2021-04-22T12:10:33","date_gmt":"2021-04-22T17:10:33","guid":{"rendered":"https:\/\/encuentroinformativo.com.mx\/?p=13222"},"modified":"2021-04-22T12:10:36","modified_gmt":"2021-04-22T17:10:36","slug":"promueven-colectivos-acciones-para-concientizar-sobre-desaparicion-de-personas","status":"publish","type":"post","link":"https:\/\/encuentroinformativo.com.mx\/?p=13222","title":{"rendered":"Promueven colectivos acciones para concientizar sobre desaparici\u00f3n de personas"},"content":{"rendered":"\n<p><strong>Dar\u00edo Pale <\/strong><\/p>\n\n\n\n<p>Xalapa, Ver.- La\u00a0titular de la Comisi\u00f3n Estatal de B\u00fasqueda de Personas Desaparecidas, Brenda Cer\u00f3n Chagoya dio a conocer que con\u00a0la intenci\u00f3n de visibilizar y sensibilizar sobre la problem\u00e1tica de la desaparici\u00f3n de personas en Veracruz; diversos colectivos de b\u00fasqueda de personas desaparecidas y ellos colocaron mantas en el parque Rinc\u00f3n de los T\u00edteres.<\/p>\n\n\n\n<p>En entrevistada en dicho lugar antes de salir en varias direcciones a colocar carteles record\u00f3 que desde 2016 participan en la exposici\u00f3n de personas desaparecidas de 2008 al 2020, ya que\u00a0&#8220;la idea es que las personas que pasan por estas \u00e1reas nos ayuden a visibilizar, a sensibilizarse, pero adem\u00e1s para que si tienen alguna informaci\u00f3n que pueda servir para localizar a estas personas, que puedan apoyar&#8221;.<\/p>\n\n\n\n<p>En otro orden de ideas, Cer\u00f3n Chagoya indic\u00f3 que derivado de las b\u00fasquedas en campo, cuando logran hallar puntos positivos pasan a la Fiscal\u00eda General del Estado la responsabilidad de determinar el n\u00famero de personas localizadas y su identificaci\u00f3n,\u00a0&#8220;hemos tenido recuperaciones en Arbolillo, en Iztacczoquitl\u00e1n, en La Gallera, La Guapota, son distintas zonas del Estado. En la zona sur tambi\u00e9n hemos tenido recuperaciones, esta situaci\u00f3n la seguimos atendiendo tanto de a\u00f1os atr\u00e1s como de a\u00f1os recientes&#8221;.<\/p>\n\n\n\n<p>Mencion\u00f3 que est\u00e1n trabajando cerca de\u00a0 Coatzacoalcos, pero debido a que est\u00e1n las familias no emiten detalles de los lugares espec\u00edficos.<\/p>\n\n\n\n<p>De igual forma con relaci\u00f3n a la entrada a hacer b\u00fasqueda en la estancia Garnica, dijo que se acord\u00f3 que entraran los familiares integrantes de colectivos de la zona centro en coordinaci\u00f3n con todas las instituciones que tienen que ver con esta situaci\u00f3n, as\u00ed como con el IPE.<\/p>\n\n\n\n<p>Finalmente la servidora p\u00fablica subray\u00f3 que gracias a las nuevas tecnolog\u00edas con las que llevan a cabo las b\u00fasquedas, es muy probable que encuentren otros puntos para la localizaci\u00f3n de personas desaparecidas.<br><\/p>\n\n\n\n<figure class=\"wp-block-image size-large\"><img loading=\"lazy\" decoding=\"async\" width=\"1024\" height=\"768\" src=\"https:\/\/encuentroinformativo.com.mx\/wp-content\/uploads\/2021\/04\/F1831ADB-2362-4A94-A425-6284A505C9F9-1024x768.jpeg\" alt=\"\" class=\"wp-image-13224\" srcset=\"https:\/\/encuentroinformativo.com.mx\/wp-content\/uploads\/2021\/04\/F1831ADB-2362-4A94-A425-6284A505C9F9-1024x768.jpeg 1024w, https:\/\/encuentroinformativo.com.mx\/wp-content\/uploads\/2021\/04\/F1831ADB-2362-4A94-A425-6284A505C9F9-300x225.jpeg 300w, https:\/\/encuentroinformativo.com.mx\/wp-content\/uploads\/2021\/04\/F1831ADB-2362-4A94-A425-6284A505C9F9-768x576.jpeg 768w, https:\/\/encuentroinformativo.com.mx\/wp-content\/uploads\/2021\/04\/F1831ADB-2362-4A94-A425-6284A505C9F9.jpeg 1040w\" sizes=\"auto, (max-width: 1024px) 100vw, 1024px\" \/><\/figure>\n","protected":false},"excerpt":{"rendered":"<p>Dar\u00edo Pale Xalapa, Ver.- La\u00a0titular de la Comisi\u00f3n Estatal de B\u00fasqueda de Personas Desaparecidas, Brenda Cer\u00f3n Chagoya dio a conocer que con\u00a0la intenci\u00f3n de visibilizar y sensibilizar sobre la problem\u00e1tica de la desaparici\u00f3n de personas en Veracruz; diversos colectivos de b\u00fasqueda de personas desaparecidas y ellos colocaron mantas en el parque Rinc\u00f3n de los T\u00edteres. [&hellip;]<\/p>\n","protected":false},"author":1,"featured_media":13223,"comment_status":"open","ping_status":"open","sticky":false,"template":"","format":"standard","meta":{"_jetpack_memberships_contains_paid_content":false,"footnotes":""},"categories":[3],"tags":[],"class_list":["post-13222","post","type-post","status-publish","format-standard","has-post-thumbnail","hentry","category-xalapa"],"jetpack_featured_media_url":"https:\/\/encuentroinformativo.com.mx\/wp-content\/uploads\/2021\/04\/8C8337B9-EBAB-4858-8037-CD95F54DD502.jpeg","jetpack_sharing_enabled":true,"jetpack_likes_enabled":true,"amp_enabled":true,"_links":{"self":[{"href":"https:\/\/encuentroinformativo.com.mx\/index.php?rest_route=\/wp\/v2\/posts\/13222","targetHints":{"allow":["GET"]}}],"collection":[{"href":"https:\/\/encuentroinformativo.com.mx\/index.php?rest_route=\/wp\/v2\/posts"}],"about":[{"href":"https:\/\/encuentroinformativo.com.mx\/index.php?rest_route=\/wp\/v2\/types\/post"}],"author":[{"embeddable":true,"href":"https:\/\/encuentroinformativo.com.mx\/index.php?rest_route=\/wp\/v2\/users\/1"}],"replies":[{"embeddable":true,"href":"https:\/\/encuentroinformativo.com.mx\/index.php?rest_route=%2Fwp%2Fv2%2Fcomments&post=13222"}],"version-history":[{"count":1,"href":"https:\/\/encuentroinformativo.com.mx\/index.php?rest_route=\/wp\/v2\/posts\/13222\/revisions"}],"predecessor-version":[{"id":13225,"href":"https:\/\/encuentroinformativo.com.mx\/index.php?rest_route=\/wp\/v2\/posts\/13222\/revisions\/13225"}],"wp:featuredmedia":[{"embeddable":true,"href":"https:\/\/encuentroinformativo.com.mx\/index.php?rest_route=\/wp\/v2\/media\/13223"}],"wp:attachment":[{"href":"https:\/\/encuentroinformativo.com.mx\/index.php?rest_route=%2Fwp%2Fv2%2Fmedia&parent=13222"}],"wp:term":[{"taxonomy":"category","embeddable":true,"href":"https:\/\/encuentroinformativo.com.mx\/index.php?rest_route=%2Fwp%2Fv2%2Fcategories&post=13222"},{"taxonomy":"post_tag","embeddable":true,"href":"https:\/\/encuentroinformativo.com.mx\/index.php?rest_route=%2Fwp%2Fv2%2Ftags&post=13222"}],"curies":[{"name":"wp","href":"https:\/\/api.w.org\/{rel}","templated":true}]}}