{"id":13231,"date":"2021-04-22T17:33:18","date_gmt":"2021-04-22T22:33:18","guid":{"rendered":"https:\/\/encuentroinformativo.com.mx\/?p=13231"},"modified":"2021-04-22T17:33:22","modified_gmt":"2021-04-22T22:33:22","slug":"balean-domicilio-de-comandante-en-ixtaczoquitlan","status":"publish","type":"post","link":"https:\/\/encuentroinformativo.com.mx\/?p=13231","title":{"rendered":"Balean domicilio de comandante en Ixtaczoquitl\u00e1n"},"content":{"rendered":"\n<p><strong>Juan Arcos<\/strong><\/p>\n\n\n\n<p>Xalapa, Ver.- Sujetos armados dispararon contra la casa del comandante de la Polic\u00eda Municipal de Ixtaczoquitl\u00e1n, en la regi\u00f3n central monta\u00f1osa del estado de Veracruz.<\/p>\n\n\n\n<p>Los hechos ocurrieron la ma\u00f1ana de este jueves 22 de abril, sobre las calles Oyameles y Eucalipto del fraccionamiento Las \u00c1nimas, en la cabecera municipal.<\/p>\n\n\n\n<p>Los agresores viajaban a bordo de un veh\u00edculo, desde donde abrieron fuego en contra la casa de Juan \u201cN\u201d y su esposa Amelia \u201cN\u201d, quien result\u00f3 herida.<\/p>\n\n\n\n<p>Tras el reporte al n\u00famero de emergencia 911, param\u00e9dicos de la Unidad Municipal de Protecci\u00f3n Civil acudieron al lugar para brindar la atenci\u00f3n necesaria a la mujer.<\/p>\n\n\n\n<p>Posteriormente, fue trasladada en una ambulancia al hospital, donde se reporta que su estado de salud es estable.<\/p>\n\n\n\n<p>Elementos de la Polic\u00eda Estatal, Guardia Nacional y de la Secretar\u00eda de la Defensa Nacional (Sedena) desplegaron un amplio operativo en el municipio y sus alrededores para la captura de los delincuentes.<\/p>\n\n\n\n<p>Sin embargo, hasta el momento, nadie ha sido detenido por su presunta responsabilidad en el ataque contra el mando pol\u00edtico de Ixtaczoquitl\u00e1n, un municipio colindante con Orizaba.<\/p>\n\n\n\n<p>Elementos de la Fiscal\u00eda General del Estado (FGE) iniciaron una investigaci\u00f3n para dar con los responsables y aplicar todo el peso de la ley en su contra.<\/p>\n\n\n\n<p>Cabe recordar que en ese municipio, en la congregaci\u00f3n Campo Grande, fueron halladas fosas clandestinas en febrero pasado.<\/p>\n\n\n\n<p>En la misma regi\u00f3n, hace dos a\u00f1os, desaparecieron 25 personas a manos de la Polic\u00eda Municipal. Despu\u00e9s, los familiares se armaron de valor e hicieron p\u00fablico el caso, por lo que el gobierno de Cuitl\u00e1huac Garc\u00eda Jim\u00e9nez gir\u00f3 una decena de \u00f3rdenes de aprehensi\u00f3n y, hasta el momento, s\u00f3lo han sido detenidos dos polic\u00edas con las claves \u201cBam Bam\u201d y el \u201cChino\u201d.<\/p>\n","protected":false},"excerpt":{"rendered":"<p>Juan Arcos Xalapa, Ver.- Sujetos armados dispararon contra la casa del comandante de la Polic\u00eda Municipal de Ixtaczoquitl\u00e1n, en la regi\u00f3n central monta\u00f1osa del estado de Veracruz. Los hechos ocurrieron la ma\u00f1ana de este jueves 22 de abril, sobre las calles Oyameles y Eucalipto del fraccionamiento Las \u00c1nimas, en la cabecera municipal. Los agresores viajaban [&hellip;]<\/p>\n","protected":false},"author":1,"featured_media":13232,"comment_status":"open","ping_status":"open","sticky":false,"template":"","format":"standard","meta":{"_jetpack_memberships_contains_paid_content":false,"footnotes":""},"categories":[14],"tags":[],"class_list":["post-13231","post","type-post","status-publish","format-standard","has-post-thumbnail","hentry","category-policiaca"],"jetpack_featured_media_url":"https:\/\/encuentroinformativo.com.mx\/wp-content\/uploads\/2021\/04\/E583ADC1-7B18-4B0E-B80E-21535A2CEE09.jpeg","jetpack_sharing_enabled":true,"jetpack_likes_enabled":true,"amp_enabled":true,"_links":{"self":[{"href":"https:\/\/encuentroinformativo.com.mx\/index.php?rest_route=\/wp\/v2\/posts\/13231","targetHints":{"allow":["GET"]}}],"collection":[{"href":"https:\/\/encuentroinformativo.com.mx\/index.php?rest_route=\/wp\/v2\/posts"}],"about":[{"href":"https:\/\/encuentroinformativo.com.mx\/index.php?rest_route=\/wp\/v2\/types\/post"}],"author":[{"embeddable":true,"href":"https:\/\/encuentroinformativo.com.mx\/index.php?rest_route=\/wp\/v2\/users\/1"}],"replies":[{"embeddable":true,"href":"https:\/\/encuentroinformativo.com.mx\/index.php?rest_route=%2Fwp%2Fv2%2Fcomments&post=13231"}],"version-history":[{"count":1,"href":"https:\/\/encuentroinformativo.com.mx\/index.php?rest_route=\/wp\/v2\/posts\/13231\/revisions"}],"predecessor-version":[{"id":13233,"href":"https:\/\/encuentroinformativo.com.mx\/index.php?rest_route=\/wp\/v2\/posts\/13231\/revisions\/13233"}],"wp:featuredmedia":[{"embeddable":true,"href":"https:\/\/encuentroinformativo.com.mx\/index.php?rest_route=\/wp\/v2\/media\/13232"}],"wp:attachment":[{"href":"https:\/\/encuentroinformativo.com.mx\/index.php?rest_route=%2Fwp%2Fv2%2Fmedia&parent=13231"}],"wp:term":[{"taxonomy":"category","embeddable":true,"href":"https:\/\/encuentroinformativo.com.mx\/index.php?rest_route=%2Fwp%2Fv2%2Fcategories&post=13231"},{"taxonomy":"post_tag","embeddable":true,"href":"https:\/\/encuentroinformativo.com.mx\/index.php?rest_route=%2Fwp%2Fv2%2Ftags&post=13231"}],"curies":[{"name":"wp","href":"https:\/\/api.w.org\/{rel}","templated":true}]}}