{"id":13234,"date":"2021-04-23T09:44:55","date_gmt":"2021-04-23T14:44:55","guid":{"rendered":"https:\/\/encuentroinformativo.com.mx\/?p=13234"},"modified":"2021-04-23T09:44:59","modified_gmt":"2021-04-23T14:44:59","slug":"julen-jefe-en-el-senado","status":"publish","type":"post","link":"https:\/\/encuentroinformativo.com.mx\/?p=13234","title":{"rendered":"Julen, jefe en el Senado"},"content":{"rendered":"\n<p><strong>Los Pol\u00edticos<\/strong><\/p>\n\n\n\n<p><strong>Salvador Mu\u00f1oz<\/strong><\/p>\n\n\n\n<p>Como para atizarle m\u00e1s le\u00f1a al fuego en pleno proceso electoral, el dirigente nacional del PAN, Marko Cort\u00e9s, dispar\u00f3 un tuitazo con el que dio a conocer la designaci\u00f3n de Julen Rementer\u00eda del Puerto como l\u00edder de la fracci\u00f3n panista en el Senado de la Rep\u00fablica, coloc\u00e1ndose el veracruzano en una posici\u00f3n pol\u00edtica de suma importancia para proyectos electorales venideros.<\/p>\n\n\n\n<p>Algunos podr\u00edan decir que tal designaci\u00f3n es un premio de consolaci\u00f3n para el ex alcalde de Veracruz ante la reciente disputa de la candidatura panista en el puerto jarocho que su hijo Bingen sostuviera con Miguel \u00c1ngel Yunes M\u00e1rquez, pero la realidad es que dicho nombramiento como l\u00edder de la fracci\u00f3n azul en el Senado ya se estaba \u201ccocinando\u201d desde hace varios meses&#8230; s\u00f3lo era cuesti\u00f3n de concretar algunos amarres pol\u00edticos para materializar la designaci\u00f3n.&nbsp;<\/p>\n\n\n\n<p>Con esto, Julen se convierte en el primer panista veracruzano en la historia en ocupar dicho cargo legislativo, para lo cual cont\u00f3 con el apoyo y respaldo de sus compa\u00f1eros senadores y diputados de las diversas fracciones partidistas.<\/p>\n\n\n\n<p>Si ya ten\u00eda rato que el nombre del Senador sonaba fuerte, con este nuevo cargo y encargo, seguir\u00e1n sonando m\u00e1s\u2026 \u00a1para lo que se viene!<\/p>\n\n\n\n<p>Las Planillas<\/p>\n\n\n\n<p>Hasta el momento, y por venir de una fuente interna, de las profundidades m\u00e1s profundas de Morena, s\u00e9 de un candidato a la presidencia municipal que tiene vara alta para que \u00e9l pusiera la s\u00edndica y cada uno de los regidores en lo que respecta a su planilla: Ricardo Ahued Bardahuil\u2026 De ah\u00ed p\u2019al real, no.<\/p>\n\n\n\n<p>Lo que s\u00ed no pregunt\u00e9 es si esa manga ancha llegue hasta la designaci\u00f3n de los cargos directivos si acaso gana, porque all\u00ed, es otro cantar pues es innegable que detr\u00e1s de un triunfo en un ayuntamiento, hay acuerdos, pactos y compromisos adquiridos&#8230; o no.<\/p>\n\n\n\n<p>Si es efectiva la bondad del partido para con Ricardo Ahued, ser\u00e1 un caso excepcional, porque en el resto de los candidatos de Morena, sencillamente no se las creo. \u00bfPor qu\u00e9?<\/p>\n\n\n\n<p>A ver, vamos por partes\u2026 Morena va en alianza en un alto porcentaje con PVEM y PT\u2026 luego entonces, cada partido buscar\u00e1 poner un determinado n\u00famero de alfiles en la planilla\u2026 por ejemplo: Si el candidato a la alcald\u00eda es de Morena, junto con su s\u00edndico, quiz\u00e1s en un momento dado, el PVEM pida mano en la primera regidur\u00eda y el PT, en la segunda, correspondiendo la tercera para Morena y en esa secuencia\u2026 sinceramente no creo que ya, a estas alturas, hayan tomado en cuenta al candidato para ver si le interesa colocar a un amigo, compa\u00f1ero o parecido en alguna regidur\u00eda\u2026<\/p>\n\n\n\n<p>Si bien, la designaci\u00f3n en la planilla no es competencia en un muy alto porcentaje de los candidatos, son \u00e9stos los que cargan sobre sus espaldas la fama de quienes el partido o en este caso, los partidos, han ubicado como candidatos a \u201crugidores\u201d.<\/p>\n\n\n\n<p>En el caso del PAN, PRI y PRD, por citar a los de la otra alianza, hay pataleos comunes cuando aparecen en las planillas \u201clos mismos de siempre\u201d, comprensible, ya saben, familias que se han apoderado de los cargos edilicios en cada proceso electoral municipal.<\/p>\n\n\n\n<p>En el caso de Morena, la molestia es diferente, quiz\u00e1s motivada por ser un partido de reciente creaci\u00f3n, donde la militancia est\u00e1 imbuida en una ideolog\u00eda supremacista, es decir, que se cree pura, por lo que le es incomprensible que en la planilla de un candidato de Morena vayan ex pri\u00edstas, ex panistas, ex perredistas y no ciudadanos, morenos de nacimiento que han caminado al lado del gran tlatoani\u2026<\/p>\n\n\n\n<p>Hay que entender que a los morenos puros los han adoctrinado a partir del Nuevo Testamento salt\u00e1ndose con mucho la G\u00e9nesis.<\/p>\n\n\n\n<p>Esta molestia bien podr\u00eda ser llamada \u201cnatural\u201d aunque tambi\u00e9n hay la otra, la propia del ser humano, la del lado mezquino que no acepta la derrota y endilga con sa\u00f1a y sin raz\u00f3n, la conformaci\u00f3n de una planilla al candidato, donde no tiene vela en ese entierro.<\/p>\n\n\n\n<p>Es v\u00e1lido, claro, el malestar o la incomodidad al interior de la militancia porque al final, jam\u00e1s se puede tener a todos contentos y menos en un partido y muchos por una planilla, pero al final, tanto Morenos y aliados, as\u00ed como los de la Alianza PAN-PRI-PRD, deben apostar a la idea principal del proyecto que encierra cada uno de sus candidatos: ganar la presidencia municipal.<\/p>\n\n\n\n<p>Ahora, que si no se gana pero algunos de los postulados a las regidur\u00edas \u201cse amarra al presupuesto\u201d, la militancia debe actuar en consecuencia como lo est\u00e1 haciendo en estos momentos: ser el principal cr\u00edtico de sus regidores si no cumplen con la tarea encomendada por el partido, que no el candidato\u2026 as\u00ed, se matar\u00e1 dos p\u00e1jaros de un tiro: se tendr\u00e1 una militancia congruente con sus principios y tendremos regidores que trabajen, tanto para su partido como para los ciudadanos ante la observancia y exigencia de sus militantes\u2026 l\u00e1stima que dentro de la Revocaci\u00f3n del Mandato no est\u00e1n contemplados ni alcaldes ni regidores, porque all\u00ed entonces ser\u00eda una forma muy buena de evaluarlos, tanto como por los miembros de su partido como por la sociedad, pues muchos de los regidores, la mayor\u00eda de las veces, nadan de a muertito&#8230;<br><a href=\"mailto:smcainito@gmail.com\" target=\"_blank\" rel=\"noreferrer noopener\">smcainito@gmail.com<\/a><\/p>\n","protected":false},"excerpt":{"rendered":"<p>Los Pol\u00edticos Salvador Mu\u00f1oz Como para atizarle m\u00e1s le\u00f1a al fuego en pleno proceso electoral, el dirigente nacional del PAN, Marko Cort\u00e9s, dispar\u00f3 un tuitazo con el que dio a conocer la designaci\u00f3n de Julen Rementer\u00eda del Puerto como l\u00edder de la fracci\u00f3n panista en el Senado de la Rep\u00fablica, coloc\u00e1ndose el veracruzano en una [&hellip;]<\/p>\n","protected":false},"author":1,"featured_media":70,"comment_status":"open","ping_status":"open","sticky":false,"template":"","format":"standard","meta":{"_jetpack_memberships_contains_paid_content":false,"footnotes":""},"categories":[11],"tags":[],"class_list":["post-13234","post","type-post","status-publish","format-standard","has-post-thumbnail","hentry","category-opinion"],"jetpack_featured_media_url":"https:\/\/encuentroinformativo.com.mx\/wp-content\/uploads\/2020\/02\/opinion-invitado.jpg","jetpack_sharing_enabled":true,"jetpack_likes_enabled":true,"amp_enabled":true,"_links":{"self":[{"href":"https:\/\/encuentroinformativo.com.mx\/index.php?rest_route=\/wp\/v2\/posts\/13234","targetHints":{"allow":["GET"]}}],"collection":[{"href":"https:\/\/encuentroinformativo.com.mx\/index.php?rest_route=\/wp\/v2\/posts"}],"about":[{"href":"https:\/\/encuentroinformativo.com.mx\/index.php?rest_route=\/wp\/v2\/types\/post"}],"author":[{"embeddable":true,"href":"https:\/\/encuentroinformativo.com.mx\/index.php?rest_route=\/wp\/v2\/users\/1"}],"replies":[{"embeddable":true,"href":"https:\/\/encuentroinformativo.com.mx\/index.php?rest_route=%2Fwp%2Fv2%2Fcomments&post=13234"}],"version-history":[{"count":1,"href":"https:\/\/encuentroinformativo.com.mx\/index.php?rest_route=\/wp\/v2\/posts\/13234\/revisions"}],"predecessor-version":[{"id":13235,"href":"https:\/\/encuentroinformativo.com.mx\/index.php?rest_route=\/wp\/v2\/posts\/13234\/revisions\/13235"}],"wp:featuredmedia":[{"embeddable":true,"href":"https:\/\/encuentroinformativo.com.mx\/index.php?rest_route=\/wp\/v2\/media\/70"}],"wp:attachment":[{"href":"https:\/\/encuentroinformativo.com.mx\/index.php?rest_route=%2Fwp%2Fv2%2Fmedia&parent=13234"}],"wp:term":[{"taxonomy":"category","embeddable":true,"href":"https:\/\/encuentroinformativo.com.mx\/index.php?rest_route=%2Fwp%2Fv2%2Fcategories&post=13234"},{"taxonomy":"post_tag","embeddable":true,"href":"https:\/\/encuentroinformativo.com.mx\/index.php?rest_route=%2Fwp%2Fv2%2Ftags&post=13234"}],"curies":[{"name":"wp","href":"https:\/\/api.w.org\/{rel}","templated":true}]}}