{"id":13245,"date":"2021-04-23T14:14:08","date_gmt":"2021-04-23T19:14:08","guid":{"rendered":"https:\/\/encuentroinformativo.com.mx\/?p=13245"},"modified":"2021-04-23T14:14:12","modified_gmt":"2021-04-23T19:14:12","slug":"en-tarimoya-incendio-consumio-casa-de-dona-petra","status":"publish","type":"post","link":"https:\/\/encuentroinformativo.com.mx\/?p=13245","title":{"rendered":"En Tarimoya, incendio consumi\u00f3 casa de do\u00f1a Petra"},"content":{"rendered":"\n<p><strong>Alejandro \u00c1vila<\/strong><\/p>\n\n\n\n<p>Veracruz, Ver.- Un incendio consumi\u00f3 en su totalidad la vivienda de Do\u00f1a Petra, quien vive con su esposo en la colonia Reserva Tarimoya 4, la familia es de escasos recursos y pide el apoyo de la ciudadan\u00eda y autoridades municipales para poder volver a levantar su casa que fue p\u00e9rdida total.<\/p>\n\n\n\n<p>Do\u00f1a Petra Guti\u00e9rrez Illescas de 74 a\u00f1os de edad, relat\u00f3 que sali\u00f3 de su casa en calle Azteca, Lote 3 de la colonia Reserva Tarimoya 4, rumbo a la tienda, para hacer el mandado, como de costumbre, a su regreso vio como sal\u00eda humo de su calle, pero pens\u00f3 que era alg\u00fan vecino que quemaba basura en un lote bald\u00edo, al llegar a su hogar, vio c\u00f3mo su vivienda ard\u00eda en llamas y r\u00e1pidamente le habl\u00f3 a su hija quien vive junto y se arreglaba para el trabajo, pues no se hab\u00eda percatado del incendio.<\/p>\n\n\n\n<p>La preocupaci\u00f3n mayor, era el tanque de gas que reci\u00e9n hab\u00edan comprado, estaba lleno, por lo que salieron de la vivienda, mientras su nieto con un amigo intentaban desesperadamente sofocar el fuego con cubetas de agua.<\/p>\n\n\n\n<p>\u201cS\u00ed, mis vecinos, mira, como soy nueva aqu\u00ed pues no nos hablamos, todav\u00eda no pasan y yo no los conozco, ni ellos, pero bendito dios que el de la panader\u00eda nos trajo pan, nos trajo michas, nos trajo mandadito, y digo \u2018ay que dios me lo bendiga, porque s\u00ed hay gente buena\u201d, mencion\u00f3.<\/p>\n\n\n\n<p>Dijo que las acciones de limpieza las va a realizar poco a poco, pues a su hija y a su esposo los mand\u00f3 a trabajar, pues no pod\u00edan perder el trabajo ahora que m\u00e1s lo necesitan.<\/p>\n\n\n\n<p>Do\u00f1a Petra es ama de casa y cuida a su nieto con S\u00edndrome de Down, mientras su hija y su esposo trabajan, ella lo entretiene todo el d\u00eda y al llegar le tiene lista la comida a su esposo e hija.<\/p>\n\n\n\n<p>\u201cCon lo que me puedan ayudar, yo no exijo ni pido cosas que me traigan, lo que puedan ayudarme, con eso me conformo, vamos a ir poco a poquito, ahora s\u00ed que vamos a empezar\u201d, culmin\u00f3.<br>\u00a0<br>\u00a0<br>\u00a0<\/p>\n","protected":false},"excerpt":{"rendered":"<p>Alejandro \u00c1vila Veracruz, Ver.- Un incendio consumi\u00f3 en su totalidad la vivienda de Do\u00f1a Petra, quien vive con su esposo en la colonia Reserva Tarimoya 4, la familia es de escasos recursos y pide el apoyo de la ciudadan\u00eda y autoridades municipales para poder volver a levantar su casa que fue p\u00e9rdida total. Do\u00f1a Petra [&hellip;]<\/p>\n","protected":false},"author":1,"featured_media":13246,"comment_status":"open","ping_status":"open","sticky":false,"template":"","format":"standard","meta":{"_jetpack_memberships_contains_paid_content":false,"footnotes":""},"categories":[2],"tags":[],"class_list":["post-13245","post","type-post","status-publish","format-standard","has-post-thumbnail","hentry","category-estado"],"jetpack_featured_media_url":"https:\/\/encuentroinformativo.com.mx\/wp-content\/uploads\/2021\/04\/A6FC9B2B-86B4-4D52-8656-286E2119FE8E.jpeg","jetpack_sharing_enabled":true,"jetpack_likes_enabled":true,"amp_enabled":true,"_links":{"self":[{"href":"https:\/\/encuentroinformativo.com.mx\/index.php?rest_route=\/wp\/v2\/posts\/13245","targetHints":{"allow":["GET"]}}],"collection":[{"href":"https:\/\/encuentroinformativo.com.mx\/index.php?rest_route=\/wp\/v2\/posts"}],"about":[{"href":"https:\/\/encuentroinformativo.com.mx\/index.php?rest_route=\/wp\/v2\/types\/post"}],"author":[{"embeddable":true,"href":"https:\/\/encuentroinformativo.com.mx\/index.php?rest_route=\/wp\/v2\/users\/1"}],"replies":[{"embeddable":true,"href":"https:\/\/encuentroinformativo.com.mx\/index.php?rest_route=%2Fwp%2Fv2%2Fcomments&post=13245"}],"version-history":[{"count":1,"href":"https:\/\/encuentroinformativo.com.mx\/index.php?rest_route=\/wp\/v2\/posts\/13245\/revisions"}],"predecessor-version":[{"id":13247,"href":"https:\/\/encuentroinformativo.com.mx\/index.php?rest_route=\/wp\/v2\/posts\/13245\/revisions\/13247"}],"wp:featuredmedia":[{"embeddable":true,"href":"https:\/\/encuentroinformativo.com.mx\/index.php?rest_route=\/wp\/v2\/media\/13246"}],"wp:attachment":[{"href":"https:\/\/encuentroinformativo.com.mx\/index.php?rest_route=%2Fwp%2Fv2%2Fmedia&parent=13245"}],"wp:term":[{"taxonomy":"category","embeddable":true,"href":"https:\/\/encuentroinformativo.com.mx\/index.php?rest_route=%2Fwp%2Fv2%2Fcategories&post=13245"},{"taxonomy":"post_tag","embeddable":true,"href":"https:\/\/encuentroinformativo.com.mx\/index.php?rest_route=%2Fwp%2Fv2%2Ftags&post=13245"}],"curies":[{"name":"wp","href":"https:\/\/api.w.org\/{rel}","templated":true}]}}