{"id":13257,"date":"2021-04-23T15:18:00","date_gmt":"2021-04-23T20:18:00","guid":{"rendered":"https:\/\/encuentroinformativo.com.mx\/?p=13257"},"modified":"2021-04-23T15:18:03","modified_gmt":"2021-04-23T20:18:03","slug":"ante-reubicacion-en-incertidumbre-locatarios-de-la-rotonda","status":"publish","type":"post","link":"https:\/\/encuentroinformativo.com.mx\/?p=13257","title":{"rendered":"Ante reubicaci\u00f3n, en incertidumbre locatarios de La Rotonda"},"content":{"rendered":"\n<p><strong>Juan Arcos<\/strong><\/p>\n\n\n\n<p>Xalapa, Ver.- Locatarios del mercado \u201cAdolfo Ruiz Cortines\u201d, mejor conocido como \u201cLa Rotonda\u201d, denunciaron qu\u00e9 hay incertidumbre sobre el lugar al que ser\u00e1n reubicados mientras se llevan a cabo los trabajos de reconstrucci\u00f3n del inmueble.<\/p>\n\n\n\n<p>De acuerdo con Antonio Jim\u00e9nez Lagunes, representante de los 148 locatarios, los comerciantes solicitaron al ayuntamiento que fueran reubicados al antiguo edificio de la Universidad Euro Hispanoamericana, ubicado sobre la avenida Am\u00e9ricas de esta ciudad.<\/p>\n\n\n\n<p>El entrevistado refiri\u00f3 que hasta el momento no han recibido una respuesta formal por parte del gobierno municipal y ni siquiera han acudido al mencionado inmueble para su posible instalaci\u00f3n temporal.<\/p>\n\n\n\n<p>\u201cSe le pidi\u00f3 al Alcalde que tuvi\u00e9ramos una reubicaci\u00f3n ah\u00ed. Hasta el momento tenemos un s\u00ed, pero no hemos ido a ver el lugar, no sabemos si realmente vamos a estar en ese lugar o no\u201d.\u00a0<\/p>\n\n\n\n<p>La reubicaci\u00f3n de los vendedores estaba programada para antes del mes de mayo, toda vez que los trabajos podr\u00edan iniciar durante la segunda quincena del mes mencionado.<br>Sin embargo, Jim\u00e9nez Lagunes indic\u00f3 que dicha situaci\u00f3n podr\u00eda retrasarse, debido a que no hay avance en el di\u00e1logo con autoridades.&nbsp;<\/p>\n\n\n\n<p>\u201cLa fecha tentativa era en mayo, yo lo veo a estas alturas muy apresurado, sobre todo porque no hemos tenido ese acercamiento de las autoridades de decirnos: sabes qu\u00e9, comencemos, porque esto requiere de toda una log\u00edstica\u201d.&nbsp;<\/p>\n\n\n\n<p>Los trabajos est\u00e1n programados para llevarse a cabo durante 210 d\u00edas, por lo que se prev\u00e9 que los comerciantes regresen a sus locales comerciantes en el mercado \u201cLa Rotonda\u201d en octubre o noviembre.<\/p>\n","protected":false},"excerpt":{"rendered":"<p>Juan Arcos Xalapa, Ver.- Locatarios del mercado \u201cAdolfo Ruiz Cortines\u201d, mejor conocido como \u201cLa Rotonda\u201d, denunciaron qu\u00e9 hay incertidumbre sobre el lugar al que ser\u00e1n reubicados mientras se llevan a cabo los trabajos de reconstrucci\u00f3n del inmueble. De acuerdo con Antonio Jim\u00e9nez Lagunes, representante de los 148 locatarios, los comerciantes solicitaron al ayuntamiento que fueran [&hellip;]<\/p>\n","protected":false},"author":1,"featured_media":13258,"comment_status":"open","ping_status":"open","sticky":false,"template":"","format":"standard","meta":{"_jetpack_memberships_contains_paid_content":false,"footnotes":""},"categories":[3],"tags":[],"class_list":["post-13257","post","type-post","status-publish","format-standard","has-post-thumbnail","hentry","category-xalapa"],"jetpack_featured_media_url":"https:\/\/encuentroinformativo.com.mx\/wp-content\/uploads\/2021\/04\/40FBA9AC-53F3-416D-B1E6-48F89B3FD01F.jpeg","jetpack_sharing_enabled":true,"jetpack_likes_enabled":true,"amp_enabled":true,"_links":{"self":[{"href":"https:\/\/encuentroinformativo.com.mx\/index.php?rest_route=\/wp\/v2\/posts\/13257","targetHints":{"allow":["GET"]}}],"collection":[{"href":"https:\/\/encuentroinformativo.com.mx\/index.php?rest_route=\/wp\/v2\/posts"}],"about":[{"href":"https:\/\/encuentroinformativo.com.mx\/index.php?rest_route=\/wp\/v2\/types\/post"}],"author":[{"embeddable":true,"href":"https:\/\/encuentroinformativo.com.mx\/index.php?rest_route=\/wp\/v2\/users\/1"}],"replies":[{"embeddable":true,"href":"https:\/\/encuentroinformativo.com.mx\/index.php?rest_route=%2Fwp%2Fv2%2Fcomments&post=13257"}],"version-history":[{"count":1,"href":"https:\/\/encuentroinformativo.com.mx\/index.php?rest_route=\/wp\/v2\/posts\/13257\/revisions"}],"predecessor-version":[{"id":13259,"href":"https:\/\/encuentroinformativo.com.mx\/index.php?rest_route=\/wp\/v2\/posts\/13257\/revisions\/13259"}],"wp:featuredmedia":[{"embeddable":true,"href":"https:\/\/encuentroinformativo.com.mx\/index.php?rest_route=\/wp\/v2\/media\/13258"}],"wp:attachment":[{"href":"https:\/\/encuentroinformativo.com.mx\/index.php?rest_route=%2Fwp%2Fv2%2Fmedia&parent=13257"}],"wp:term":[{"taxonomy":"category","embeddable":true,"href":"https:\/\/encuentroinformativo.com.mx\/index.php?rest_route=%2Fwp%2Fv2%2Fcategories&post=13257"},{"taxonomy":"post_tag","embeddable":true,"href":"https:\/\/encuentroinformativo.com.mx\/index.php?rest_route=%2Fwp%2Fv2%2Ftags&post=13257"}],"curies":[{"name":"wp","href":"https:\/\/api.w.org\/{rel}","templated":true}]}}