{"id":13269,"date":"2021-04-23T16:22:31","date_gmt":"2021-04-23T21:22:31","guid":{"rendered":"https:\/\/encuentroinformativo.com.mx\/?p=13269"},"modified":"2021-04-23T16:22:35","modified_gmt":"2021-04-23T21:22:35","slug":"papelerias-esperan-repunte-de-ventas-con-clases-presenciales","status":"publish","type":"post","link":"https:\/\/encuentroinformativo.com.mx\/?p=13269","title":{"rendered":"Papeler\u00edas esperan repunte de ventas con clases presenciales"},"content":{"rendered":"\n<p><strong>Juan Arcos <\/strong><\/p>\n\n\n\n<p>Xalapa, Ver.- Encargados de papeler\u00edas de esta ciudad capital esperan un repunte en ventas por el posible regreso a clases en mayo pr\u00f3ximo.<\/p>\n\n\n\n<p>Alma Dulce, gerente de una de las tiendas, indic\u00f3 que estos negocios contin\u00faan registrando p\u00e9rdidas econ\u00f3micas por la pandemia del SARS-COV-2 (COVID-19).<\/p>\n\n\n\n<p>\u201cOjal\u00e1 haya un regreso a clases presenciales pronto. Hasta ahorita hemos tenido un bajo incremento en ventas\u201d, expres\u00f3.<\/p>\n\n\n\n<p>La entrevistada coment\u00f3 que los precios de los \u00fatiles escolares se han mantenido en comparaci\u00f3n con a\u00f1os anteriores, para que madres y padres de familia puedan acceder a los productos.<\/p>\n\n\n\n<p>\u201cEn cuanto a los precios, los hemos mantenido todo el a\u00f1o. Tenemos mercanc\u00eda. Estamos surtidos en este momento\u201d.<\/p>\n\n\n\n<p>La administradora detall\u00f3 que la libreta m\u00e1s barata cuesta 16 pesos y un paquete de l\u00e1pices de colores, entre 30 y 60 pesos.<\/p>\n\n\n\n<p>Adem\u00e1s, coment\u00f3 que tuvieron que embodegar las mochilas, debido a que, durante m\u00e1s de un a\u00f1o, los estudiantes no regresaron a las aulas.<\/p>\n\n\n\n<p>\u201cComo este a\u00f1o no hubo regreso a clases, tenemos un gran n\u00famero de mochilas guardadas, hay algo de surtido de mochilas\u201d.<\/p>\n\n\n\n<p>Cabe recordar que en d\u00edas pasados el gobernador de Veracruz, Cuitl\u00e1huac Garc\u00eda Jim\u00e9nez, indic\u00f3 que el pr\u00f3ximo 17 de mayo es la fecha posible para el regreso a clases presenciales, tras el avance en la vacunaci\u00f3n contra coronavirus al personal educativo.<\/p>\n","protected":false},"excerpt":{"rendered":"<p>Juan Arcos Xalapa, Ver.- Encargados de papeler\u00edas de esta ciudad capital esperan un repunte en ventas por el posible regreso a clases en mayo pr\u00f3ximo. Alma Dulce, gerente de una de las tiendas, indic\u00f3 que estos negocios contin\u00faan registrando p\u00e9rdidas econ\u00f3micas por la pandemia del SARS-COV-2 (COVID-19). \u201cOjal\u00e1 haya un regreso a clases presenciales pronto. [&hellip;]<\/p>\n","protected":false},"author":1,"featured_media":13270,"comment_status":"open","ping_status":"open","sticky":false,"template":"","format":"standard","meta":{"_jetpack_memberships_contains_paid_content":false,"footnotes":""},"categories":[3],"tags":[],"class_list":["post-13269","post","type-post","status-publish","format-standard","has-post-thumbnail","hentry","category-xalapa"],"jetpack_featured_media_url":"https:\/\/encuentroinformativo.com.mx\/wp-content\/uploads\/2021\/04\/DAA91E05-2E5C-47A1-A554-93567B80F44E.jpeg","jetpack_sharing_enabled":true,"jetpack_likes_enabled":true,"amp_enabled":true,"_links":{"self":[{"href":"https:\/\/encuentroinformativo.com.mx\/index.php?rest_route=\/wp\/v2\/posts\/13269","targetHints":{"allow":["GET"]}}],"collection":[{"href":"https:\/\/encuentroinformativo.com.mx\/index.php?rest_route=\/wp\/v2\/posts"}],"about":[{"href":"https:\/\/encuentroinformativo.com.mx\/index.php?rest_route=\/wp\/v2\/types\/post"}],"author":[{"embeddable":true,"href":"https:\/\/encuentroinformativo.com.mx\/index.php?rest_route=\/wp\/v2\/users\/1"}],"replies":[{"embeddable":true,"href":"https:\/\/encuentroinformativo.com.mx\/index.php?rest_route=%2Fwp%2Fv2%2Fcomments&post=13269"}],"version-history":[{"count":1,"href":"https:\/\/encuentroinformativo.com.mx\/index.php?rest_route=\/wp\/v2\/posts\/13269\/revisions"}],"predecessor-version":[{"id":13271,"href":"https:\/\/encuentroinformativo.com.mx\/index.php?rest_route=\/wp\/v2\/posts\/13269\/revisions\/13271"}],"wp:featuredmedia":[{"embeddable":true,"href":"https:\/\/encuentroinformativo.com.mx\/index.php?rest_route=\/wp\/v2\/media\/13270"}],"wp:attachment":[{"href":"https:\/\/encuentroinformativo.com.mx\/index.php?rest_route=%2Fwp%2Fv2%2Fmedia&parent=13269"}],"wp:term":[{"taxonomy":"category","embeddable":true,"href":"https:\/\/encuentroinformativo.com.mx\/index.php?rest_route=%2Fwp%2Fv2%2Fcategories&post=13269"},{"taxonomy":"post_tag","embeddable":true,"href":"https:\/\/encuentroinformativo.com.mx\/index.php?rest_route=%2Fwp%2Fv2%2Ftags&post=13269"}],"curies":[{"name":"wp","href":"https:\/\/api.w.org\/{rel}","templated":true}]}}